
{"id":24921,"date":"2025-02-01T14:56:29","date_gmt":"2025-02-01T13:56:29","guid":{"rendered":"https:\/\/www.rezeau.org\/wp-garden\/?p=24921"},"modified":"2025-02-01T14:58:22","modified_gmt":"2025-02-01T13:58:22","slug":"photo-du-jour-1-2-2025","status":"publish","type":"post","link":"https:\/\/www.rezeau.org\/wp-garden\/fr\/photo-du-jour-1-2-2025\/","title":{"rendered":"Photo du jour 1\/2\/2025"},"content":{"rendered":"\n<p>Les fruits orange du fusain d&#8217;Europe mettent un peu de couleur dans la grisaille de l&#8217;hiver.<\/p>\n\n\n\n<figure class=\"wp-block-image size-full\"><img loading=\"lazy\" decoding=\"async\" width=\"800\" height=\"533\" src=\"https:\/\/www.rezeau.org\/wp-garden\/wp-content\/uploads\/K-IMGP9950.jpg\" alt=\"\" class=\"wp-image-24916\" srcset=\"https:\/\/www.rezeau.org\/wp-garden\/wp-content\/uploads\/K-IMGP9950.jpg 800w, https:\/\/www.rezeau.org\/wp-garden\/wp-content\/uploads\/K-IMGP9950-300x200.jpg 300w, https:\/\/www.rezeau.org\/wp-garden\/wp-content\/uploads\/K-IMGP9950-768x512.jpg 768w, https:\/\/www.rezeau.org\/wp-garden\/wp-content\/uploads\/K-IMGP9950-400x267.jpg 400w, https:\/\/www.rezeau.org\/wp-garden\/wp-content\/uploads\/K-IMGP9950-150x100.jpg 150w\" sizes=\"auto, (max-width: 800px) 100vw, 800px\" \/><figcaption class=\"wp-element-caption\"><em>Euonymus europaeus<\/em> &#8211; Fusain d&#8217;Europe, Bonnet d&#8217;\u00e9v\u00eaque, Bois \u00e0 lardoires, Bois-carr\u00e9, Bonnet-carr\u00e9, Caprenotier, Cherme<\/figcaption><\/figure>\n\n\n\n<p>Cet arbuste ne manque pas de noms vernaculaires\u00a0! C&#8217;\u00e9tait d&#8217;ailleurs le sujet de la chronique &#8220;La main verte&#8221; sur France-Inter ce matin, avec l&#8217;in\u00e9narrable<sup>(*)<\/sup> Alain Baraton, le pr\u00e9tendu jardinier pr\u00e9f\u00e9r\u00e9 des Fran\u00e7ais. AB y dit que &#8220;<em>les jardiniers voient des ressemblances l\u00e0 o\u00f9 [lui] n&#8217;en voit pas<\/em>&#8220;. <\/p>\n\n\n<div class=\"wp-block-image\">\n<figure class=\"alignleft size-medium\"><img loading=\"lazy\" decoding=\"async\" width=\"300\" height=\"169\" src=\"https:\/\/www.rezeau.org\/wp-garden\/wp-content\/uploads\/Cardinal-Walter-Brandmuller-Antoine-Mekary-ALETEIA-AM_7316-300x169.webp\" alt=\"\" class=\"wp-image-24923\" srcset=\"https:\/\/www.rezeau.org\/wp-garden\/wp-content\/uploads\/Cardinal-Walter-Brandmuller-Antoine-Mekary-ALETEIA-AM_7316-300x169.webp 300w, https:\/\/www.rezeau.org\/wp-garden\/wp-content\/uploads\/Cardinal-Walter-Brandmuller-Antoine-Mekary-ALETEIA-AM_7316-400x226.webp 400w, https:\/\/www.rezeau.org\/wp-garden\/wp-content\/uploads\/Cardinal-Walter-Brandmuller-Antoine-Mekary-ALETEIA-AM_7316-150x85.webp 150w, https:\/\/www.rezeau.org\/wp-garden\/wp-content\/uploads\/Cardinal-Walter-Brandmuller-Antoine-Mekary-ALETEIA-AM_7316.webp 620w\" sizes=\"auto, (max-width: 300px) 100vw, 300px\" \/><figcaption class=\"wp-element-caption\">photo Antoine Mekary<\/figcaption><\/figure>\n<\/div>\n\n\n<p>Il prend tout d&#8217;abord l&#8217;exemple du fusain d&#8217;Europe. Il ajoute &#8220;<em>les jardiniers ont trouv\u00e9 que la forme et la couleur de ses fruits ressemblaient \u00e0 la coiffe des religieux&#8230;<\/em>&#8221; Certes il faut un peu d&#8217;imagination pour voir la ressemblance avec, non pas un bonnet d&#8217;\u00e9v\u00eaque mais plut\u00f4t <em><a href=\"https:\/\/fr.aleteia.org\/2023\/06\/24\/dou-vient-la-coiffe-carree-des-cardinaux\">la barrette des cardinaux<\/a><\/em>.<\/p>\n\n\n\n<p>Remarquons au passage une approximation de langage, de plus en plus courante de nos jours. Les pr\u00eatres, \u00e9v\u00eaques et cardinaux ne sont pas des &#8220;religieux&#8221; (le clerg\u00e9 r\u00e9gulier) mais font partie du <a href=\"https:\/\/fr.wikipedia.org\/wiki\/Clerg%C3%A9_s%C3%A9culier\">clerg\u00e9 s\u00e9culier<\/a>.<\/p>\n\n\n\n<hr class=\"wp-block-separator has-alpha-channel-opacity\"\/>\n\n\n<div class=\"wp-block-image\">\n<figure class=\"alignleft size-large is-resized\"><img decoding=\"async\" src=\"https:\/\/www.rezeau.org\/wp-flore\/wp-content\/uploads\/Capsella-bursa-pastoris-Medik-28-04-2010-2.jpg\" alt=\"\" style=\"width:224px;height:auto\"\/><\/figure>\n<\/div>\n\n\n<p>Le chroniqueur poursuit ses divagations en \u00e9voquant le cas de la Bourse-\u00e0-pasteur\u00a0(<em>Capsella bursa-pastoris<\/em>) [ainsi nomm\u00e9e] &#8220;<em>pour la forme de ses <strong>petites <\/strong>feuilles qui feraient penser \u00e0 la <strong>petite <\/strong>poche qui permettait de placer quelques sous&#8230;<\/em>&#8221; Encore rat\u00e9\u00a0! Tous les vrais botanistes savent que ce sont les fruits de cette plante qui font penser \u00e0 une petite bourse, et non pas les &#8220;petites feuilles&#8221;. Une fois de plus papi Jo peut se gausser \u00e0 juste titre de l&#8217;ignorance manifeste de ce pr\u00e9tendu jardinier et lui conseiller de consulter <a href=\"https:\/\/fr.wikipedia.org\/wiki\/Bourse_%C3%A0_pasteur\">Wikipedia<\/a> avant de vernir d\u00e9biter sa chronique \u00e0 la radio.<\/p>\n\n\n\n<div class=\"wp-block-buttons is-layout-flex wp-block-buttons-is-layout-flex\">\n<div class=\"wp-block-button\"><a class=\"wp-block-button__link wp-element-button\" href=\"https:\/\/www.rezeau.org\/wp-garden\/fr\/tag\/baraton\/\">les perles d&#8217;Aain Baraton<\/a><\/div>\n<\/div>\n\n\n\n<hr class=\"wp-block-separator has-alpha-channel-opacity\"\/>\n\n\n\n<p class=\"footnote\">(*) Dico en ligne Le Robert<br><em>in\u00e9narrable <\/em>\u200b\u200b\u200b adjectif<br>1.- <sup>vieux<\/sup> Qu&#8217;on ne peut raconter ; inexprimable.<br>2.- <sup>moderne<\/sup> Dont on ne peut parler sans rire. \u2799 comique, ineffable, risible.<\/p>\n","protected":false},"excerpt":{"rendered":"<p>Les fruits orange du fusain d&#8217;Europe mettent un peu de couleur dans la grisaille de l&#8217;hiver.<\/p>\n<p class=\"continue-reading-button\"> <a class=\"continue-reading-link\" href=\"https:\/\/www.rezeau.org\/wp-garden\/fr\/photo-du-jour-1-2-2025\/\">Continue reading<i class=\"crycon-right-dir\"><\/i><\/a><\/p>\n","protected":false},"author":2,"featured_media":24916,"comment_status":"closed","ping_status":"closed","sticky":false,"template":"","format":"standard","meta":{"_acf_changed":false,"footnotes":""},"categories":[677],"tags":[3193,2187,4141],"class_list":["post-24921","post","type-post","status-publish","format-standard","has-post-thumbnail","hentry","category-journal-du-jardin","tag-baraton","tag-coup-de-gueule","tag-photo-du-jour"],"acf":[],"_links":{"self":[{"href":"https:\/\/www.rezeau.org\/wp-garden\/wp-json\/wp\/v2\/posts\/24921","targetHints":{"allow":["GET"]}}],"collection":[{"href":"https:\/\/www.rezeau.org\/wp-garden\/wp-json\/wp\/v2\/posts"}],"about":[{"href":"https:\/\/www.rezeau.org\/wp-garden\/wp-json\/wp\/v2\/types\/post"}],"author":[{"embeddable":true,"href":"https:\/\/www.rezeau.org\/wp-garden\/wp-json\/wp\/v2\/users\/2"}],"replies":[{"embeddable":true,"href":"https:\/\/www.rezeau.org\/wp-garden\/wp-json\/wp\/v2\/comments?post=24921"}],"version-history":[{"count":0,"href":"https:\/\/www.rezeau.org\/wp-garden\/wp-json\/wp\/v2\/posts\/24921\/revisions"}],"wp:featuredmedia":[{"embeddable":true,"href":"https:\/\/www.rezeau.org\/wp-garden\/wp-json\/wp\/v2\/media\/24916"}],"wp:attachment":[{"href":"https:\/\/www.rezeau.org\/wp-garden\/wp-json\/wp\/v2\/media?parent=24921"}],"wp:term":[{"taxonomy":"category","embeddable":true,"href":"https:\/\/www.rezeau.org\/wp-garden\/wp-json\/wp\/v2\/categories?post=24921"},{"taxonomy":"post_tag","embeddable":true,"href":"https:\/\/www.rezeau.org\/wp-garden\/wp-json\/wp\/v2\/tags?post=24921"}],"curies":[{"name":"wp","href":"https:\/\/api.w.org\/{rel}","templated":true}]}}