
{"id":24931,"date":"2025-02-02T15:22:25","date_gmt":"2025-02-02T14:22:25","guid":{"rendered":"https:\/\/www.rezeau.org\/wp-garden\/?p=24931"},"modified":"2025-02-02T15:28:06","modified_gmt":"2025-02-02T14:28:06","slug":"photo-du-jour-2-2-2025","status":"publish","type":"post","link":"https:\/\/www.rezeau.org\/wp-garden\/fr\/photo-du-jour-2-2-2025\/","title":{"rendered":"Photo du jour 2\/2\/2025"},"content":{"rendered":"\n<p>D\u00e9corations de No\u00ebl ? La porte de ma petite sup\u00e9rette<sup>(*)<\/sup> Util a \u00e9t\u00e9 red\u00e9cor\u00e9e pour No\u00ebl par de <s>gentils passants<\/s> stupides vandales.\ud83d\ude35\u200d\ud83d\udcab\ud83d\ude35\u200d\ud83d\udcab\ud83d\ude35\u200d\ud83d\udcab<\/p>\n\n\n\n<figure class=\"wp-block-image size-full\"><img loading=\"lazy\" decoding=\"async\" width=\"800\" height=\"533\" src=\"https:\/\/www.rezeau.org\/wp-garden\/wp-content\/uploads\/K-IMGP9919.jpg\" alt=\"\" class=\"wp-image-24881\" srcset=\"https:\/\/www.rezeau.org\/wp-garden\/wp-content\/uploads\/K-IMGP9919.jpg 800w, https:\/\/www.rezeau.org\/wp-garden\/wp-content\/uploads\/K-IMGP9919-300x200.jpg 300w, https:\/\/www.rezeau.org\/wp-garden\/wp-content\/uploads\/K-IMGP9919-768x512.jpg 768w, https:\/\/www.rezeau.org\/wp-garden\/wp-content\/uploads\/K-IMGP9919-400x267.jpg 400w, https:\/\/www.rezeau.org\/wp-garden\/wp-content\/uploads\/K-IMGP9919-150x100.jpg 150w\" sizes=\"auto, (max-width: 800px) 100vw, 800px\" \/><figcaption class=\"wp-element-caption\">Des d\u00e9cos \u00e0 pas cher<\/figcaption><\/figure>\n\n\n\n<p class=\"footnote\">(*) Sup\u00e9rette &#8211; <a href=\"https:\/\/www.lalanguefrancaise.com\/dictionnaire\/definition\/superette\">D\u00e9finition de France Terme<\/a><br>Magasin en libre service de 120 m2 \u00e0 400 m2, consacr\u00e9 surtout \u00e0 l&#8217;alimentation.<\/p>\n","protected":false},"excerpt":{"rendered":"<p>D\u00e9corations de No\u00ebl ?<\/p>\n<p class=\"continue-reading-button\"> <a class=\"continue-reading-link\" href=\"https:\/\/www.rezeau.org\/wp-garden\/fr\/photo-du-jour-2-2-2025\/\">Continue reading<i class=\"crycon-right-dir\"><\/i><\/a><\/p>\n","protected":false},"author":2,"featured_media":24881,"comment_status":"closed","ping_status":"closed","sticky":false,"template":"","format":"standard","meta":{"_acf_changed":false,"footnotes":""},"categories":[677],"tags":[2187,4141],"class_list":["post-24931","post","type-post","status-publish","format-standard","has-post-thumbnail","hentry","category-journal-du-jardin","tag-coup-de-gueule","tag-photo-du-jour"],"acf":[],"_links":{"self":[{"href":"https:\/\/www.rezeau.org\/wp-garden\/wp-json\/wp\/v2\/posts\/24931","targetHints":{"allow":["GET"]}}],"collection":[{"href":"https:\/\/www.rezeau.org\/wp-garden\/wp-json\/wp\/v2\/posts"}],"about":[{"href":"https:\/\/www.rezeau.org\/wp-garden\/wp-json\/wp\/v2\/types\/post"}],"author":[{"embeddable":true,"href":"https:\/\/www.rezeau.org\/wp-garden\/wp-json\/wp\/v2\/users\/2"}],"replies":[{"embeddable":true,"href":"https:\/\/www.rezeau.org\/wp-garden\/wp-json\/wp\/v2\/comments?post=24931"}],"version-history":[{"count":0,"href":"https:\/\/www.rezeau.org\/wp-garden\/wp-json\/wp\/v2\/posts\/24931\/revisions"}],"wp:featuredmedia":[{"embeddable":true,"href":"https:\/\/www.rezeau.org\/wp-garden\/wp-json\/wp\/v2\/media\/24881"}],"wp:attachment":[{"href":"https:\/\/www.rezeau.org\/wp-garden\/wp-json\/wp\/v2\/media?parent=24931"}],"wp:term":[{"taxonomy":"category","embeddable":true,"href":"https:\/\/www.rezeau.org\/wp-garden\/wp-json\/wp\/v2\/categories?post=24931"},{"taxonomy":"post_tag","embeddable":true,"href":"https:\/\/www.rezeau.org\/wp-garden\/wp-json\/wp\/v2\/tags?post=24931"}],"curies":[{"name":"wp","href":"https:\/\/api.w.org\/{rel}","templated":true}]}}