
{"id":24954,"date":"2025-02-08T17:50:13","date_gmt":"2025-02-08T16:50:13","guid":{"rendered":"https:\/\/www.rezeau.org\/wp-garden\/?p=24954"},"modified":"2025-02-08T17:50:42","modified_gmt":"2025-02-08T16:50:42","slug":"photo-du-jour-8-2-2025","status":"publish","type":"post","link":"https:\/\/www.rezeau.org\/wp-garden\/fr\/photo-du-jour-8-2-2025\/","title":{"rendered":"Photo du jour 8\/2\/2025"},"content":{"rendered":"\n<p>La plante du jour est la plante papillon. Si <em>Oxalis triangularis <\/em>fascine, c\u2019est avant tout pour sa couleur violette.  Mais ce n\u2019est pas tout. Il est fascinant car ses tr\u00e8fles se d\u00e9ploient chaque matin et s\u2019effondrent \u00e0 nouveau chaque soir. Ce ph\u00e9nom\u00e8ne, connu sous le nom de nyctin\u00e9sie, se produit \u00e9galement chez d\u2019autres plantes, comme le campion. Les feuilles aiment s\u2019allonger au soleil. Et bien qu\u2019elles semblent fragiles, elles sont en fait tr\u00e8s r\u00e9sistantes.<\/p>\n\n\n\n<figure class=\"wp-block-image size-full\"><img loading=\"lazy\" decoding=\"async\" width=\"800\" height=\"533\" src=\"https:\/\/www.rezeau.org\/wp-garden\/wp-content\/uploads\/K-IMGP9993.jpg\" alt=\"\" class=\"wp-image-24953\" srcset=\"https:\/\/www.rezeau.org\/wp-garden\/wp-content\/uploads\/K-IMGP9993.jpg 800w, https:\/\/www.rezeau.org\/wp-garden\/wp-content\/uploads\/K-IMGP9993-300x200.jpg 300w, https:\/\/www.rezeau.org\/wp-garden\/wp-content\/uploads\/K-IMGP9993-768x512.jpg 768w, https:\/\/www.rezeau.org\/wp-garden\/wp-content\/uploads\/K-IMGP9993-400x267.jpg 400w, https:\/\/www.rezeau.org\/wp-garden\/wp-content\/uploads\/K-IMGP9993-150x100.jpg 150w\" sizes=\"auto, (max-width: 800px) 100vw, 800px\" \/><figcaption class=\"wp-element-caption\">08\/02\/2025 &#8211; <em>Oxalis triangularis <\/em><\/figcaption><\/figure>\n","protected":false},"excerpt":{"rendered":"<p>La plante du jour est la plante papillon. Si Oxalis triangularis fascine, c\u2019est avant tout pour sa couleur violette.<\/p>\n<p class=\"continue-reading-button\"> <a class=\"continue-reading-link\" href=\"https:\/\/www.rezeau.org\/wp-garden\/fr\/photo-du-jour-8-2-2025\/\">Continue reading<i class=\"crycon-right-dir\"><\/i><\/a><\/p>\n","protected":false},"author":2,"featured_media":24953,"comment_status":"closed","ping_status":"closed","sticky":false,"template":"","format":"standard","meta":{"_acf_changed":false,"footnotes":""},"categories":[677],"tags":[4141],"class_list":["post-24954","post","type-post","status-publish","format-standard","has-post-thumbnail","hentry","category-journal-du-jardin","tag-photo-du-jour"],"acf":[],"_links":{"self":[{"href":"https:\/\/www.rezeau.org\/wp-garden\/wp-json\/wp\/v2\/posts\/24954","targetHints":{"allow":["GET"]}}],"collection":[{"href":"https:\/\/www.rezeau.org\/wp-garden\/wp-json\/wp\/v2\/posts"}],"about":[{"href":"https:\/\/www.rezeau.org\/wp-garden\/wp-json\/wp\/v2\/types\/post"}],"author":[{"embeddable":true,"href":"https:\/\/www.rezeau.org\/wp-garden\/wp-json\/wp\/v2\/users\/2"}],"replies":[{"embeddable":true,"href":"https:\/\/www.rezeau.org\/wp-garden\/wp-json\/wp\/v2\/comments?post=24954"}],"version-history":[{"count":0,"href":"https:\/\/www.rezeau.org\/wp-garden\/wp-json\/wp\/v2\/posts\/24954\/revisions"}],"wp:featuredmedia":[{"embeddable":true,"href":"https:\/\/www.rezeau.org\/wp-garden\/wp-json\/wp\/v2\/media\/24953"}],"wp:attachment":[{"href":"https:\/\/www.rezeau.org\/wp-garden\/wp-json\/wp\/v2\/media?parent=24954"}],"wp:term":[{"taxonomy":"category","embeddable":true,"href":"https:\/\/www.rezeau.org\/wp-garden\/wp-json\/wp\/v2\/categories?post=24954"},{"taxonomy":"post_tag","embeddable":true,"href":"https:\/\/www.rezeau.org\/wp-garden\/wp-json\/wp\/v2\/tags?post=24954"}],"curies":[{"name":"wp","href":"https:\/\/api.w.org\/{rel}","templated":true}]}}