
{"id":24975,"date":"2025-02-12T11:58:30","date_gmt":"2025-02-12T10:58:30","guid":{"rendered":"https:\/\/www.rezeau.org\/wp-garden\/?p=24975"},"modified":"2025-02-15T12:19:16","modified_gmt":"2025-02-15T11:19:16","slug":"la-fleur-du-jour-10-2-2025","status":"publish","type":"post","link":"https:\/\/www.rezeau.org\/wp-garden\/fr\/la-fleur-du-jour-10-2-2025\/","title":{"rendered":"La fleur du jour 12\/2\/2025"},"content":{"rendered":"\n<p>Parmi les &#8220;sauvages de ma rue&#8221; j&#8217;ai rep\u00e9r\u00e9 ce matin cette plante dont la fleur me fait penser \u00e0 une rosac\u00e9e. Je l&#8217;ai donc appel\u00e9e <em>Vehiculum jantum<\/em> &#8216;Citro\u00ebn&#8217;, et je la classerai avec <a href=\"https:\/\/www.rezeau.org\/wp-garden\/fr\/recherche-de-plantes-sur-criteres-avances\/?_sfm_Family=Rosaceae\">les autres <em>Rosaceae<\/em> du jardin<\/a>.<\/p>\n\n\n\n<figure class=\"wp-block-image size-full\"><img loading=\"lazy\" decoding=\"async\" width=\"800\" height=\"533\" src=\"https:\/\/www.rezeau.org\/wp-garden\/wp-content\/uploads\/K-IMGP0115.jpg\" alt=\"\" class=\"wp-image-24973\" srcset=\"https:\/\/www.rezeau.org\/wp-garden\/wp-content\/uploads\/K-IMGP0115.jpg 800w, https:\/\/www.rezeau.org\/wp-garden\/wp-content\/uploads\/K-IMGP0115-300x200.jpg 300w, https:\/\/www.rezeau.org\/wp-garden\/wp-content\/uploads\/K-IMGP0115-768x512.jpg 768w, https:\/\/www.rezeau.org\/wp-garden\/wp-content\/uploads\/K-IMGP0115-400x267.jpg 400w, https:\/\/www.rezeau.org\/wp-garden\/wp-content\/uploads\/K-IMGP0115-150x100.jpg 150w\" sizes=\"auto, (max-width: 800px) 100vw, 800px\" \/><figcaption class=\"wp-element-caption\">12\/02\/2025 &#8211; <em>Vehiculum jantum<\/em> &#8216;Citro\u00ebn&#8217;<\/figcaption><\/figure>\n\n\n\n<p>Les curieux de botanique trouveront d&#8217;autres infos sur cette famille des rosac\u00e9es sur le site <a href=\"https:\/\/notesdeterrain.over-blog.com\/2020\/04\/famille-des-rosaceae.html\">Notes de terrain<\/a>.<\/p>\n\n\n\n<figure class=\"wp-block-image size-large\"><img loading=\"lazy\" decoding=\"async\" width=\"1025\" height=\"682\" src=\"https:\/\/www.rezeau.org\/wp-garden\/wp-content\/uploads\/rosaceae-1025x682.jpg\" alt=\"\" class=\"wp-image-24974\" srcset=\"https:\/\/www.rezeau.org\/wp-garden\/wp-content\/uploads\/rosaceae-1025x682.jpg 1025w, https:\/\/www.rezeau.org\/wp-garden\/wp-content\/uploads\/rosaceae-300x200.jpg 300w, https:\/\/www.rezeau.org\/wp-garden\/wp-content\/uploads\/rosaceae-768x511.jpg 768w, https:\/\/www.rezeau.org\/wp-garden\/wp-content\/uploads\/rosaceae-1536x1021.jpg 1536w, https:\/\/www.rezeau.org\/wp-garden\/wp-content\/uploads\/rosaceae-400x266.jpg 400w, https:\/\/www.rezeau.org\/wp-garden\/wp-content\/uploads\/rosaceae-150x100.jpg 150w, https:\/\/www.rezeau.org\/wp-garden\/wp-content\/uploads\/rosaceae.jpg 1600w\" sizes=\"auto, (max-width: 1025px) 100vw, 1025px\" \/><\/figure>\n","protected":false},"excerpt":{"rendered":"<p>Vive les rosac\u00e9es !<\/p>\n<p class=\"continue-reading-button\"> <a class=\"continue-reading-link\" href=\"https:\/\/www.rezeau.org\/wp-garden\/fr\/la-fleur-du-jour-10-2-2025\/\">Continue reading<i class=\"crycon-right-dir\"><\/i><\/a><\/p>\n","protected":false},"author":2,"featured_media":24974,"comment_status":"closed","ping_status":"closed","sticky":false,"template":"","format":"standard","meta":{"_acf_changed":false,"footnotes":""},"categories":[677],"tags":[3395,3208,4141],"class_list":["post-24975","post","type-post","status-publish","format-standard","has-post-thumbnail","hentry","category-journal-du-jardin","tag-botanique","tag-floraisons","tag-photo-du-jour"],"acf":[],"_links":{"self":[{"href":"https:\/\/www.rezeau.org\/wp-garden\/wp-json\/wp\/v2\/posts\/24975","targetHints":{"allow":["GET"]}}],"collection":[{"href":"https:\/\/www.rezeau.org\/wp-garden\/wp-json\/wp\/v2\/posts"}],"about":[{"href":"https:\/\/www.rezeau.org\/wp-garden\/wp-json\/wp\/v2\/types\/post"}],"author":[{"embeddable":true,"href":"https:\/\/www.rezeau.org\/wp-garden\/wp-json\/wp\/v2\/users\/2"}],"replies":[{"embeddable":true,"href":"https:\/\/www.rezeau.org\/wp-garden\/wp-json\/wp\/v2\/comments?post=24975"}],"version-history":[{"count":0,"href":"https:\/\/www.rezeau.org\/wp-garden\/wp-json\/wp\/v2\/posts\/24975\/revisions"}],"wp:featuredmedia":[{"embeddable":true,"href":"https:\/\/www.rezeau.org\/wp-garden\/wp-json\/wp\/v2\/media\/24974"}],"wp:attachment":[{"href":"https:\/\/www.rezeau.org\/wp-garden\/wp-json\/wp\/v2\/media?parent=24975"}],"wp:term":[{"taxonomy":"category","embeddable":true,"href":"https:\/\/www.rezeau.org\/wp-garden\/wp-json\/wp\/v2\/categories?post=24975"},{"taxonomy":"post_tag","embeddable":true,"href":"https:\/\/www.rezeau.org\/wp-garden\/wp-json\/wp\/v2\/tags?post=24975"}],"curies":[{"name":"wp","href":"https:\/\/api.w.org\/{rel}","templated":true}]}}