
{"id":24988,"date":"2025-02-15T16:39:44","date_gmt":"2025-02-15T15:39:44","guid":{"rendered":"https:\/\/www.rezeau.org\/wp-garden\/?p=24988"},"modified":"2025-02-15T16:39:45","modified_gmt":"2025-02-15T15:39:45","slug":"photo-du-jour-15-2-2025","status":"publish","type":"post","link":"https:\/\/www.rezeau.org\/wp-garden\/fr\/photo-du-jour-15-2-2025\/","title":{"rendered":"Photo du jour 15-2-2025"},"content":{"rendered":"\n<p>Aujourd&#8217;hui : Pass\u00e9 et futur conjugu\u00e9s sur la m\u00eame plante. Inflorescence 2024 &amp; bourgeon 2025.<\/p>\n\n\n\n<figure class=\"wp-block-image size-full\"><img loading=\"lazy\" decoding=\"async\" width=\"800\" height=\"533\" src=\"https:\/\/www.rezeau.org\/wp-garden\/wp-content\/uploads\/K-IMGP0118.jpg\" alt=\"\" class=\"wp-image-24986\" srcset=\"https:\/\/www.rezeau.org\/wp-garden\/wp-content\/uploads\/K-IMGP0118.jpg 800w, https:\/\/www.rezeau.org\/wp-garden\/wp-content\/uploads\/K-IMGP0118-300x200.jpg 300w, https:\/\/www.rezeau.org\/wp-garden\/wp-content\/uploads\/K-IMGP0118-768x512.jpg 768w, https:\/\/www.rezeau.org\/wp-garden\/wp-content\/uploads\/K-IMGP0118-400x267.jpg 400w, https:\/\/www.rezeau.org\/wp-garden\/wp-content\/uploads\/K-IMGP0118-150x100.jpg 150w\" sizes=\"auto, (max-width: 800px) 100vw, 800px\" \/><figcaption class=\"wp-element-caption\">15\/02\/2025 &#8211; <em>Hydrangea petiolaris<\/em><\/figcaption><\/figure>\n","protected":false},"excerpt":{"rendered":"<p>Aujourd&#8217;hui : Pass\u00e9 et futur conjugu\u00e9s sur la m\u00eame plante. Inflorescence 2024 &amp; bourgeon 2025.<\/p>\n<p class=\"continue-reading-button\"> <a class=\"continue-reading-link\" href=\"https:\/\/www.rezeau.org\/wp-garden\/fr\/photo-du-jour-15-2-2025\/\">Continue reading<i class=\"crycon-right-dir\"><\/i><\/a><\/p>\n","protected":false},"author":2,"featured_media":24986,"comment_status":"closed","ping_status":"closed","sticky":false,"template":"","format":"standard","meta":{"_acf_changed":false,"footnotes":""},"categories":[677],"tags":[3395,4141],"class_list":["post-24988","post","type-post","status-publish","format-standard","has-post-thumbnail","hentry","category-journal-du-jardin","tag-botanique","tag-photo-du-jour"],"acf":[],"_links":{"self":[{"href":"https:\/\/www.rezeau.org\/wp-garden\/wp-json\/wp\/v2\/posts\/24988","targetHints":{"allow":["GET"]}}],"collection":[{"href":"https:\/\/www.rezeau.org\/wp-garden\/wp-json\/wp\/v2\/posts"}],"about":[{"href":"https:\/\/www.rezeau.org\/wp-garden\/wp-json\/wp\/v2\/types\/post"}],"author":[{"embeddable":true,"href":"https:\/\/www.rezeau.org\/wp-garden\/wp-json\/wp\/v2\/users\/2"}],"replies":[{"embeddable":true,"href":"https:\/\/www.rezeau.org\/wp-garden\/wp-json\/wp\/v2\/comments?post=24988"}],"version-history":[{"count":0,"href":"https:\/\/www.rezeau.org\/wp-garden\/wp-json\/wp\/v2\/posts\/24988\/revisions"}],"wp:featuredmedia":[{"embeddable":true,"href":"https:\/\/www.rezeau.org\/wp-garden\/wp-json\/wp\/v2\/media\/24986"}],"wp:attachment":[{"href":"https:\/\/www.rezeau.org\/wp-garden\/wp-json\/wp\/v2\/media?parent=24988"}],"wp:term":[{"taxonomy":"category","embeddable":true,"href":"https:\/\/www.rezeau.org\/wp-garden\/wp-json\/wp\/v2\/categories?post=24988"},{"taxonomy":"post_tag","embeddable":true,"href":"https:\/\/www.rezeau.org\/wp-garden\/wp-json\/wp\/v2\/tags?post=24988"}],"curies":[{"name":"wp","href":"https:\/\/api.w.org\/{rel}","templated":true}]}}