
{"id":25330,"date":"2025-04-04T18:35:34","date_gmt":"2025-04-04T16:35:34","guid":{"rendered":"https:\/\/www.rezeau.org\/wp-garden\/?p=25330"},"modified":"2025-04-04T18:35:35","modified_gmt":"2025-04-04T16:35:35","slug":"rhodo-du-jour-4-4-2025","status":"publish","type":"post","link":"https:\/\/www.rezeau.org\/wp-garden\/fr\/rhodo-du-jour-4-4-2025\/","title":{"rendered":"Rhodo du jour &#8211; 4\/4\/2025"},"content":{"rendered":"\n<p>Eh oui, le rhododendron du jour est une azal\u00e9e &#8211; et vice-versa, comme on l&#8217;a d\u00e9j\u00e0 expliqu\u00e9 <a href=\"https:\/\/www.rezeau.org\/wp-garden\/fr\/azalee-givree-18-3-2025\/\">le 18 mars dernier<\/a>. L&#8217;azal\u00e9e du Japon &#8216;Hino-Crimson&#8217; vient tout juste de sortir ses boutons floraux d&#8217;un rouge p\u00e9tant.<\/p>\n\n\n\n<figure class=\"wp-block-image size-full\"><img loading=\"lazy\" decoding=\"async\" width=\"800\" height=\"533\" src=\"https:\/\/www.rezeau.org\/wp-garden\/wp-content\/uploads\/L-IMGP0393.jpg\" alt=\"d\u00e9but floraison d\u00e9but avril 2025\" class=\"wp-image-25329\" srcset=\"https:\/\/www.rezeau.org\/wp-garden\/wp-content\/uploads\/L-IMGP0393.jpg 800w, https:\/\/www.rezeau.org\/wp-garden\/wp-content\/uploads\/L-IMGP0393-300x200.jpg 300w, https:\/\/www.rezeau.org\/wp-garden\/wp-content\/uploads\/L-IMGP0393-768x512.jpg 768w, https:\/\/www.rezeau.org\/wp-garden\/wp-content\/uploads\/L-IMGP0393-400x267.jpg 400w, https:\/\/www.rezeau.org\/wp-garden\/wp-content\/uploads\/L-IMGP0393-150x100.jpg 150w\" sizes=\"auto, (max-width: 800px) 100vw, 800px\" \/><figcaption class=\"wp-element-caption\"><em>Rhododendron japonica<\/em> \u2018Hino-Crimson\u2019 04\/04\/2025<\/figcaption><\/figure>\n","protected":false},"excerpt":{"rendered":"<p>Eh oui, le rhododendron du jour est une azal\u00e9e &#8211; et vice-versa, comme on l&#8217;a d\u00e9j\u00e0 expliqu\u00e9 le 18 mars dernier. L&#8217;azal\u00e9e du Japon &#8216;Hino-Crimson&#8217; vient tout juste de sortir ses boutons floraux d&#8217;un rouge p\u00e9tant.<\/p>\n<p class=\"continue-reading-button\"> <a class=\"continue-reading-link\" href=\"https:\/\/www.rezeau.org\/wp-garden\/fr\/rhodo-du-jour-4-4-2025\/\">Continue reading<i class=\"crycon-right-dir\"><\/i><\/a><\/p>\n","protected":false},"author":2,"featured_media":25329,"comment_status":"closed","ping_status":"closed","sticky":false,"template":"","format":"standard","meta":{"_acf_changed":false,"footnotes":""},"categories":[677],"tags":[3395,3208,4141],"class_list":["post-25330","post","type-post","status-publish","format-standard","has-post-thumbnail","hentry","category-journal-du-jardin","tag-botanique","tag-floraisons","tag-photo-du-jour"],"acf":[],"_links":{"self":[{"href":"https:\/\/www.rezeau.org\/wp-garden\/wp-json\/wp\/v2\/posts\/25330","targetHints":{"allow":["GET"]}}],"collection":[{"href":"https:\/\/www.rezeau.org\/wp-garden\/wp-json\/wp\/v2\/posts"}],"about":[{"href":"https:\/\/www.rezeau.org\/wp-garden\/wp-json\/wp\/v2\/types\/post"}],"author":[{"embeddable":true,"href":"https:\/\/www.rezeau.org\/wp-garden\/wp-json\/wp\/v2\/users\/2"}],"replies":[{"embeddable":true,"href":"https:\/\/www.rezeau.org\/wp-garden\/wp-json\/wp\/v2\/comments?post=25330"}],"version-history":[{"count":0,"href":"https:\/\/www.rezeau.org\/wp-garden\/wp-json\/wp\/v2\/posts\/25330\/revisions"}],"wp:featuredmedia":[{"embeddable":true,"href":"https:\/\/www.rezeau.org\/wp-garden\/wp-json\/wp\/v2\/media\/25329"}],"wp:attachment":[{"href":"https:\/\/www.rezeau.org\/wp-garden\/wp-json\/wp\/v2\/media?parent=25330"}],"wp:term":[{"taxonomy":"category","embeddable":true,"href":"https:\/\/www.rezeau.org\/wp-garden\/wp-json\/wp\/v2\/categories?post=25330"},{"taxonomy":"post_tag","embeddable":true,"href":"https:\/\/www.rezeau.org\/wp-garden\/wp-json\/wp\/v2\/tags?post=25330"}],"curies":[{"name":"wp","href":"https:\/\/api.w.org\/{rel}","templated":true}]}}