
{"id":25368,"date":"2025-04-06T09:00:00","date_gmt":"2025-04-06T07:00:00","guid":{"rendered":"https:\/\/www.rezeau.org\/wp-garden\/?p=25368"},"modified":"2025-04-06T22:37:47","modified_gmt":"2025-04-06T20:37:47","slug":"la-plante-du-jour-6-5-2025","status":"publish","type":"post","link":"https:\/\/www.rezeau.org\/wp-garden\/fr\/la-plante-du-jour-6-5-2025\/","title":{"rendered":"La plante du jour &#8211; 6\/4\/2025"},"content":{"rendered":"\n<p>La plante du jour nous vient de l&#8217;h\u00e9misph\u00e8re sud. Plus pr\u00e9cis\u00e9ment d&#8217;Australie. De loin, en la voyant sur le stand du marchand de plantes au march\u00e9 local j&#8217;ai d&#8217;abord cru reconna\u00eetre la plante du p\u00eacheur (<em>Diosma hirsuta<\/em>) \u00e0 laquelle elle ressemble pas mal. C&#8217;est une plante tellement rare chez nous que je n&#8217;en ai trouv\u00e9 qu&#8217;une seule mention sur internet (voir ci-dessous). \u00c9tant donn\u00e9 sa frilosit\u00e9, je ne me suis pas laiss\u00e9 tenter par cette jolie australienne&#8230;<\/p>\n\n\n\n<figure class=\"wp-block-image size-full\"><img loading=\"lazy\" decoding=\"async\" width=\"800\" height=\"533\" src=\"https:\/\/www.rezeau.org\/wp-garden\/wp-content\/uploads\/L-IMGP0389.jpg\" alt=\"\" class=\"wp-image-25359\" srcset=\"https:\/\/www.rezeau.org\/wp-garden\/wp-content\/uploads\/L-IMGP0389.jpg 800w, https:\/\/www.rezeau.org\/wp-garden\/wp-content\/uploads\/L-IMGP0389-300x200.jpg 300w, https:\/\/www.rezeau.org\/wp-garden\/wp-content\/uploads\/L-IMGP0389-768x512.jpg 768w, https:\/\/www.rezeau.org\/wp-garden\/wp-content\/uploads\/L-IMGP0389-400x267.jpg 400w, https:\/\/www.rezeau.org\/wp-garden\/wp-content\/uploads\/L-IMGP0389-150x100.jpg 150w\" sizes=\"auto, (max-width: 800px) 100vw, 800px\" \/><figcaption class=\"wp-element-caption\">Sur le march\u00e9 de M.-sur-M. le 04\/04\/2025<\/figcaption><\/figure>\n\n\n\n<blockquote class=\"wp-block-quote is-layout-flow wp-block-quote-is-layout-flow\">\n<p>Cette plante d\u00e9passe rarement un m\u00e8tre de hauteur et les rameaux ont tendance \u00e0 pousser en direction du sol, ce qui conf\u00e8re au buisson un aspect rampant. Du coup, le thryptomene se d\u00e9veloppe dans un sens horizontal et non vertical : la plante ne tend pas \u00e0 s\u2019\u00e9lever et se rapprocher du soleil, c\u2019est plut\u00f4t le contraire !<br>Les feuilles sont \u00e9galement tr\u00e8s petites et ne d\u00e9passent pas 1 centim\u00e8tre de longueur. De couleur vert sombre, elles sont dispos\u00e9es de fa\u00e7on r\u00e9guli\u00e8re le long des rameaux, et une l\u00e9g\u00e8re odeur s\u2019en d\u00e9gage lorsqu\u2019on les frotte.<\/p>\n<\/blockquote>\n\n\n\n<div class=\"wp-block-buttons is-layout-flex wp-block-buttons-is-layout-flex\">\n<div class=\"wp-block-button\"><a class=\"wp-block-button__link wp-element-button\" href=\"https:\/\/www.domainedurayol.org\/la-plante-du-mois-thryptomene-saxicola\/\"><em>Thryptomene saxicola<\/em><\/a><\/div>\n<\/div>\n","protected":false},"excerpt":{"rendered":"<p>La plante du jour nous vient de l&#8217;h\u00e9misph\u00e8re sud.<\/p>\n<p class=\"continue-reading-button\"> <a class=\"continue-reading-link\" href=\"https:\/\/www.rezeau.org\/wp-garden\/fr\/la-plante-du-jour-6-5-2025\/\">Continue reading<i class=\"crycon-right-dir\"><\/i><\/a><\/p>\n","protected":false},"author":2,"featured_media":25359,"comment_status":"closed","ping_status":"closed","sticky":false,"template":"","format":"standard","meta":{"_acf_changed":false,"footnotes":""},"categories":[677],"tags":[],"class_list":["post-25368","post","type-post","status-publish","format-standard","has-post-thumbnail","hentry","category-journal-du-jardin"],"acf":[],"_links":{"self":[{"href":"https:\/\/www.rezeau.org\/wp-garden\/wp-json\/wp\/v2\/posts\/25368","targetHints":{"allow":["GET"]}}],"collection":[{"href":"https:\/\/www.rezeau.org\/wp-garden\/wp-json\/wp\/v2\/posts"}],"about":[{"href":"https:\/\/www.rezeau.org\/wp-garden\/wp-json\/wp\/v2\/types\/post"}],"author":[{"embeddable":true,"href":"https:\/\/www.rezeau.org\/wp-garden\/wp-json\/wp\/v2\/users\/2"}],"replies":[{"embeddable":true,"href":"https:\/\/www.rezeau.org\/wp-garden\/wp-json\/wp\/v2\/comments?post=25368"}],"version-history":[{"count":0,"href":"https:\/\/www.rezeau.org\/wp-garden\/wp-json\/wp\/v2\/posts\/25368\/revisions"}],"wp:featuredmedia":[{"embeddable":true,"href":"https:\/\/www.rezeau.org\/wp-garden\/wp-json\/wp\/v2\/media\/25359"}],"wp:attachment":[{"href":"https:\/\/www.rezeau.org\/wp-garden\/wp-json\/wp\/v2\/media?parent=25368"}],"wp:term":[{"taxonomy":"category","embeddable":true,"href":"https:\/\/www.rezeau.org\/wp-garden\/wp-json\/wp\/v2\/categories?post=25368"},{"taxonomy":"post_tag","embeddable":true,"href":"https:\/\/www.rezeau.org\/wp-garden\/wp-json\/wp\/v2\/tags?post=25368"}],"curies":[{"name":"wp","href":"https:\/\/api.w.org\/{rel}","templated":true}]}}