
{"id":25412,"date":"2025-04-08T18:17:42","date_gmt":"2025-04-08T16:17:42","guid":{"rendered":"https:\/\/www.rezeau.org\/wp-garden\/?p=25412"},"modified":"2025-04-08T18:17:43","modified_gmt":"2025-04-08T16:17:43","slug":"tulipe-du-jour-8-4-2025","status":"publish","type":"post","link":"https:\/\/www.rezeau.org\/wp-garden\/fr\/tulipe-du-jour-8-4-2025\/","title":{"rendered":"Tulipe du jour &#8211; 8\/4\/2025"},"content":{"rendered":"\n<p>La tulipe du jour est une &#8220;revenante&#8221;. La tulipe <em>clusiana<\/em>\u00a0\u2018Peppermint Stick\u2019 a d\u00e9j\u00e0 fait un s\u00e9jour au jardin de papi Jo, de 2017 \u00e0 2021, mais elle a fini par dispara\u00eetre. Sur les 10 bulbes plant\u00e9s en 2017, il n&#8217;en restait plus qu&#8217;un ou deux, peut-\u00eatre \u00e9touff\u00e9s par les plantes voisines ? ou qui n&#8217;ont pas aim\u00e9 le terrain trop lourd\u00a0? Comme je regrettais cette disparition, une nouvelle commande a \u00e9t\u00e9 pass\u00e9e chez PdF \u00e0 l&#8217;automne dernier, de 20 bulbes cette fois-ci. Bulbes plant\u00e9s dans des trous amend\u00e9s de sable, etc. Et <em>splash\u00a0<\/em>! les 20 bulbes ont donn\u00e9 20 tiges et donc 20 fleurs, puisqu&#8217;il s&#8217;agit de tulipes &#8220;uniflores&#8221;. Il ne reste plus qu&#8217;\u00e0 esp\u00e9rer que ces tulipes reviennent ann\u00e9e apr\u00e8s ann\u00e9e au printemps. Un site anglais nous dit &#8220;<em>As botanical tulips (Tulipa clusiana), they can be grown as perennials for year-on-year flowering.<\/em>&#8220;<\/p>\n\n\n\n<figure class=\"wp-block-image size-full\"><img loading=\"lazy\" decoding=\"async\" width=\"800\" height=\"533\" src=\"https:\/\/www.rezeau.org\/wp-garden\/wp-content\/uploads\/L-IMGP0425.jpg\" alt=\"Floraison d'avril 2025\" class=\"wp-image-25410\" srcset=\"https:\/\/www.rezeau.org\/wp-garden\/wp-content\/uploads\/L-IMGP0425.jpg 800w, https:\/\/www.rezeau.org\/wp-garden\/wp-content\/uploads\/L-IMGP0425-300x200.jpg 300w, https:\/\/www.rezeau.org\/wp-garden\/wp-content\/uploads\/L-IMGP0425-768x512.jpg 768w, https:\/\/www.rezeau.org\/wp-garden\/wp-content\/uploads\/L-IMGP0425-400x267.jpg 400w, https:\/\/www.rezeau.org\/wp-garden\/wp-content\/uploads\/L-IMGP0425-150x100.jpg 150w\" sizes=\"auto, (max-width: 800px) 100vw, 800px\" \/><figcaption class=\"wp-element-caption\"><em>Tulipa clusiana<\/em> &#8216;Peppermint Stick&#8217; 08\/04\/2025<\/figcaption><\/figure>\n\n\n\n<div class=\"wp-block-buttons is-layout-flex wp-block-buttons-is-layout-flex\">\n<div class=\"wp-block-button\"><a class=\"wp-block-button__link wp-element-button\" href=\"https:\/\/www.rezeau.org\/wp-garden\/fr\/tulipa-clusiana-peppermint-stick\/\"><em>Tulipa clusiana <\/em>&#8216;Peppermint Stick&#8217;<\/a><\/div>\n<\/div>\n\n\n\n<p><\/p>\n","protected":false},"excerpt":{"rendered":"<p>La tulipe du jour est une &#8220;revenante&#8221;. <\/p>\n<p class=\"continue-reading-button\"> <a class=\"continue-reading-link\" href=\"https:\/\/www.rezeau.org\/wp-garden\/fr\/tulipe-du-jour-8-4-2025\/\">Continue reading<i class=\"crycon-right-dir\"><\/i><\/a><\/p>\n","protected":false},"author":2,"featured_media":25411,"comment_status":"closed","ping_status":"closed","sticky":false,"template":"","format":"standard","meta":{"_acf_changed":false,"footnotes":""},"categories":[677],"tags":[643,3208,4141],"class_list":["post-25412","post","type-post","status-publish","format-standard","has-post-thumbnail","hentry","category-journal-du-jardin","tag-bulbes","tag-floraisons","tag-photo-du-jour"],"acf":[],"_links":{"self":[{"href":"https:\/\/www.rezeau.org\/wp-garden\/wp-json\/wp\/v2\/posts\/25412","targetHints":{"allow":["GET"]}}],"collection":[{"href":"https:\/\/www.rezeau.org\/wp-garden\/wp-json\/wp\/v2\/posts"}],"about":[{"href":"https:\/\/www.rezeau.org\/wp-garden\/wp-json\/wp\/v2\/types\/post"}],"author":[{"embeddable":true,"href":"https:\/\/www.rezeau.org\/wp-garden\/wp-json\/wp\/v2\/users\/2"}],"replies":[{"embeddable":true,"href":"https:\/\/www.rezeau.org\/wp-garden\/wp-json\/wp\/v2\/comments?post=25412"}],"version-history":[{"count":0,"href":"https:\/\/www.rezeau.org\/wp-garden\/wp-json\/wp\/v2\/posts\/25412\/revisions"}],"wp:featuredmedia":[{"embeddable":true,"href":"https:\/\/www.rezeau.org\/wp-garden\/wp-json\/wp\/v2\/media\/25411"}],"wp:attachment":[{"href":"https:\/\/www.rezeau.org\/wp-garden\/wp-json\/wp\/v2\/media?parent=25412"}],"wp:term":[{"taxonomy":"category","embeddable":true,"href":"https:\/\/www.rezeau.org\/wp-garden\/wp-json\/wp\/v2\/categories?post=25412"},{"taxonomy":"post_tag","embeddable":true,"href":"https:\/\/www.rezeau.org\/wp-garden\/wp-json\/wp\/v2\/tags?post=25412"}],"curies":[{"name":"wp","href":"https:\/\/api.w.org\/{rel}","templated":true}]}}