
{"id":25665,"date":"2025-05-03T14:18:57","date_gmt":"2025-05-03T12:18:57","guid":{"rendered":"https:\/\/www.rezeau.org\/wp-garden\/?p=25665"},"modified":"2025-05-21T22:53:48","modified_gmt":"2025-05-21T20:53:48","slug":"cicatrice-du-jour-3-5-2025","status":"publish","type":"post","link":"https:\/\/www.rezeau.org\/wp-garden\/fr\/cicatrice-du-jour-3-5-2025\/","title":{"rendered":"Cicatrice du jour"},"content":{"rendered":"\n<p>Pommier d\u00e9coratif <em>Malus perpetu<\/em> &#8216;Evereste&#8217;. Ce pommier a \u00e9t\u00e9 plant\u00e9 sous forme de scion il y a plus de 10 ans. Au bout de quelques ann\u00e9es la couronne de branches a \u00e9t\u00e9 &#8220;remont\u00e9e&#8221; en sacrifiant quelques branches basses. Maintenant on peut voir le r\u00e9sultat de la cicatrisation de cette op\u00e9ration. Si je me souviens bien, je n&#8217;avais appliqu\u00e9 aucun &#8220;mastic&#8221; sur les plaies, qui n&#8217;\u00e9taient d&#8217;ailleurs pas bien importantes, les branches supprim\u00e9es \u00e9tant d&#8217;un diam\u00e8tre peu important. Cette question de cicatrisant sur les plaies des arbres n&#8217;est toujours pas tranch\u00e9e. Voir par exemple <strong><a href=\"https:\/\/www.gerbeaud.com\/jardin\/fiches\/protection-mastic-utilite,1473.html\">Faut-il prot\u00e9ger les plaies de taille\u00a0?<\/a><\/strong><\/p>\n\n\n\n<figure class=\"wp-block-image size-full\"><img loading=\"lazy\" decoding=\"async\" width=\"800\" height=\"533\" src=\"https:\/\/www.rezeau.org\/wp-garden\/wp-content\/uploads\/L-IMGP0809.jpg\" alt=\"\" class=\"wp-image-25664\" srcset=\"https:\/\/www.rezeau.org\/wp-garden\/wp-content\/uploads\/L-IMGP0809.jpg 800w, https:\/\/www.rezeau.org\/wp-garden\/wp-content\/uploads\/L-IMGP0809-300x200.jpg 300w, https:\/\/www.rezeau.org\/wp-garden\/wp-content\/uploads\/L-IMGP0809-768x512.jpg 768w, https:\/\/www.rezeau.org\/wp-garden\/wp-content\/uploads\/L-IMGP0809-400x267.jpg 400w, https:\/\/www.rezeau.org\/wp-garden\/wp-content\/uploads\/L-IMGP0809-150x100.jpg 150w\" sizes=\"auto, (max-width: 800px) 100vw, 800px\" \/><figcaption class=\"wp-element-caption\"><em>Malus perpetu<\/em> &#8216;Evereste&#8217;<\/figcaption><\/figure>\n","protected":false},"excerpt":{"rendered":"<p>Pommier d\u00e9coratif Malus perpetu &#8216;Evereste&#8217;. Ce pommier a \u00e9t\u00e9 plant\u00e9 sous forme de scion il y a plus de 10 ans. Au bout de quelques ann\u00e9es la couronne de branches a \u00e9t\u00e9 &#8220;remont\u00e9e&#8221; en sacrifiant quelques branches basses. Maintenant on peut voir le r\u00e9sultat de la cicatrisation de cette op\u00e9ration&#8230;.<\/p>\n<p class=\"continue-reading-button\"> <a class=\"continue-reading-link\" href=\"https:\/\/www.rezeau.org\/wp-garden\/fr\/cicatrice-du-jour-3-5-2025\/\">Continue reading<i class=\"crycon-right-dir\"><\/i><\/a><\/p>\n","protected":false},"author":2,"featured_media":25664,"comment_status":"closed","ping_status":"closed","sticky":false,"template":"","format":"standard","meta":{"_acf_changed":false,"footnotes":""},"categories":[677],"tags":[2487,4141,641],"class_list":["post-25665","post","type-post","status-publish","format-standard","has-post-thumbnail","hentry","category-journal-du-jardin","tag-insolite","tag-photo-du-jour","tag-plantations"],"acf":[],"_links":{"self":[{"href":"https:\/\/www.rezeau.org\/wp-garden\/wp-json\/wp\/v2\/posts\/25665","targetHints":{"allow":["GET"]}}],"collection":[{"href":"https:\/\/www.rezeau.org\/wp-garden\/wp-json\/wp\/v2\/posts"}],"about":[{"href":"https:\/\/www.rezeau.org\/wp-garden\/wp-json\/wp\/v2\/types\/post"}],"author":[{"embeddable":true,"href":"https:\/\/www.rezeau.org\/wp-garden\/wp-json\/wp\/v2\/users\/2"}],"replies":[{"embeddable":true,"href":"https:\/\/www.rezeau.org\/wp-garden\/wp-json\/wp\/v2\/comments?post=25665"}],"version-history":[{"count":1,"href":"https:\/\/www.rezeau.org\/wp-garden\/wp-json\/wp\/v2\/posts\/25665\/revisions"}],"predecessor-version":[{"id":25898,"href":"https:\/\/www.rezeau.org\/wp-garden\/wp-json\/wp\/v2\/posts\/25665\/revisions\/25898"}],"wp:featuredmedia":[{"embeddable":true,"href":"https:\/\/www.rezeau.org\/wp-garden\/wp-json\/wp\/v2\/media\/25664"}],"wp:attachment":[{"href":"https:\/\/www.rezeau.org\/wp-garden\/wp-json\/wp\/v2\/media?parent=25665"}],"wp:term":[{"taxonomy":"category","embeddable":true,"href":"https:\/\/www.rezeau.org\/wp-garden\/wp-json\/wp\/v2\/categories?post=25665"},{"taxonomy":"post_tag","embeddable":true,"href":"https:\/\/www.rezeau.org\/wp-garden\/wp-json\/wp\/v2\/tags?post=25665"}],"curies":[{"name":"wp","href":"https:\/\/api.w.org\/{rel}","templated":true}]}}