
{"id":25672,"date":"2025-05-05T18:08:02","date_gmt":"2025-05-05T16:08:02","guid":{"rendered":"https:\/\/www.rezeau.org\/wp-garden\/?p=25672"},"modified":"2025-05-21T22:53:27","modified_gmt":"2025-05-21T20:53:27","slug":"sourire-du-jour-5-5-2025","status":"publish","type":"post","link":"https:\/\/www.rezeau.org\/wp-garden\/fr\/sourire-du-jour-5-5-2025\/","title":{"rendered":"Sourire du jour"},"content":{"rendered":"\n<p>Le sourire du jour, c&#8217;est la rose &#8216;Sourire d&#8217;orchid\u00e9e&#8217;, qui vient tout juste d&#8217;\u00e9clore ses premi\u00e8res fleurs. Obtention Paul Croix 1985.<br>\u2018Sourire d\u2019Orchid\u00e9e\u2019 pr\u00e9sente les caract\u00e9ristiques des roses anciennes. Ses fleurs l\u00e9g\u00e8res et d\u00e9licatement parfum\u00e9es ressemblent aux \u00e9glantines avec des \u00e9tamines dor\u00e9es. Ses boutons rose saumon s\u2019\u00e9panouissent en bouquets rose p\u00e2le nacr\u00e9 qui s\u2019\u00e9claircissent avant de faner. Ce rosier a \u00e9t\u00e9 plant\u00e9 au jardin en 2017 en remplacement d&#8217;un rosier Iceberg qui avait \u00e9t\u00e9 bien joli, mais avait finalement eu une floraison d\u00e9cevante car non remontante.<\/p>\n\n\n\n<figure class=\"wp-block-image size-full\"><img loading=\"lazy\" decoding=\"async\" width=\"800\" height=\"533\" src=\"https:\/\/www.rezeau.org\/wp-garden\/wp-content\/uploads\/L-IMGP0852.jpg\" alt=\"Premi\u00e8re rose 2025\" class=\"wp-image-25671\" srcset=\"https:\/\/www.rezeau.org\/wp-garden\/wp-content\/uploads\/L-IMGP0852.jpg 800w, https:\/\/www.rezeau.org\/wp-garden\/wp-content\/uploads\/L-IMGP0852-300x200.jpg 300w, https:\/\/www.rezeau.org\/wp-garden\/wp-content\/uploads\/L-IMGP0852-768x512.jpg 768w, https:\/\/www.rezeau.org\/wp-garden\/wp-content\/uploads\/L-IMGP0852-400x267.jpg 400w, https:\/\/www.rezeau.org\/wp-garden\/wp-content\/uploads\/L-IMGP0852-150x100.jpg 150w\" sizes=\"auto, (max-width: 800px) 100vw, 800px\" \/><figcaption class=\"wp-element-caption\"><em>Rosa<\/em> &#8216;Sourire d\u2019orchid\u00e9e&#8217; 05\/05\/2025<\/figcaption><\/figure>\n\n\n\n<p>Depuis la cr\u00e9ation du &#8220;nouveau jardin&#8221; en 2014 suivie de peu par la cr\u00e9ation de ce site, le jardinier note le plus scrupuleusement possible la date d&#8217;apparition de la premi\u00e8re fleur pour la plupart de ses plantes. Voici ce calendrier de premi\u00e8re floraison pour la rose &#8216;Sourire d\u2019orchid\u00e9e&#8217;.<\/p>\n\n\n\n<ul class=\"wp-block-list\">\n<li>2018 : 27 mai<\/li>\n\n\n\n<li>2019 : 19 mai<\/li>\n\n\n\n<li>2020 : 3 mai<\/li>\n\n\n\n<li>2021 : 20 mai<\/li>\n\n\n\n<li>2022 : ?<\/li>\n\n\n\n<li>2023 : 12 mai<\/li>\n\n\n\n<li>2024 : 11 mai<\/li>\n\n\n\n<li>2025 : 5 mai<\/li>\n<\/ul>\n\n\n\n<div class=\"wp-block-buttons is-layout-flex wp-block-buttons-is-layout-flex\">\n<div class=\"wp-block-button\"><a class=\"wp-block-button__link wp-element-button\" href=\"https:\/\/www.rezeau.org\/wp-garden\/fr\/rosa-sourire-dorchidee\/\"><em>Rosa<\/em> &#8216;Sourire d\u2019orchid\u00e9e&#8217;<\/a><\/div>\n<\/div>\n\n\n\n<p><\/p>\n","protected":false},"excerpt":{"rendered":"<p>Le sourire du jour, c&#8217;est la rose &#8216;Sourire d&#8217;orchid\u00e9e&#8217;, qui vient tout juste d&#8217;\u00e9clore ses premi\u00e8res fleurs. Obtention Paul Croix 1985.\u2018Sourire d\u2019Orchid\u00e9e\u2019 pr\u00e9sente les caract\u00e9ristiques des roses anciennes. Ses fleurs l\u00e9g\u00e8res et d\u00e9licatement parfum\u00e9es ressemblent aux \u00e9glantines avec des \u00e9tamines dor\u00e9es. Ses boutons rose saumon s\u2019\u00e9panouissent en bouquets rose p\u00e2le&#8230;<\/p>\n<p class=\"continue-reading-button\"> <a class=\"continue-reading-link\" href=\"https:\/\/www.rezeau.org\/wp-garden\/fr\/sourire-du-jour-5-5-2025\/\">Continue reading<i class=\"crycon-right-dir\"><\/i><\/a><\/p>\n","protected":false},"author":2,"featured_media":25671,"comment_status":"closed","ping_status":"closed","sticky":false,"template":"","format":"standard","meta":{"_acf_changed":false,"footnotes":""},"categories":[677],"tags":[3208,4141,3195],"class_list":["post-25672","post","type-post","status-publish","format-standard","has-post-thumbnail","hentry","category-journal-du-jardin","tag-floraisons","tag-photo-du-jour","tag-roses"],"acf":[],"_links":{"self":[{"href":"https:\/\/www.rezeau.org\/wp-garden\/wp-json\/wp\/v2\/posts\/25672","targetHints":{"allow":["GET"]}}],"collection":[{"href":"https:\/\/www.rezeau.org\/wp-garden\/wp-json\/wp\/v2\/posts"}],"about":[{"href":"https:\/\/www.rezeau.org\/wp-garden\/wp-json\/wp\/v2\/types\/post"}],"author":[{"embeddable":true,"href":"https:\/\/www.rezeau.org\/wp-garden\/wp-json\/wp\/v2\/users\/2"}],"replies":[{"embeddable":true,"href":"https:\/\/www.rezeau.org\/wp-garden\/wp-json\/wp\/v2\/comments?post=25672"}],"version-history":[{"count":3,"href":"https:\/\/www.rezeau.org\/wp-garden\/wp-json\/wp\/v2\/posts\/25672\/revisions"}],"predecessor-version":[{"id":25896,"href":"https:\/\/www.rezeau.org\/wp-garden\/wp-json\/wp\/v2\/posts\/25672\/revisions\/25896"}],"wp:featuredmedia":[{"embeddable":true,"href":"https:\/\/www.rezeau.org\/wp-garden\/wp-json\/wp\/v2\/media\/25671"}],"wp:attachment":[{"href":"https:\/\/www.rezeau.org\/wp-garden\/wp-json\/wp\/v2\/media?parent=25672"}],"wp:term":[{"taxonomy":"category","embeddable":true,"href":"https:\/\/www.rezeau.org\/wp-garden\/wp-json\/wp\/v2\/categories?post=25672"},{"taxonomy":"post_tag","embeddable":true,"href":"https:\/\/www.rezeau.org\/wp-garden\/wp-json\/wp\/v2\/tags?post=25672"}],"curies":[{"name":"wp","href":"https:\/\/api.w.org\/{rel}","templated":true}]}}