
{"id":25678,"date":"2025-05-06T16:54:11","date_gmt":"2025-05-06T14:54:11","guid":{"rendered":"https:\/\/www.rezeau.org\/wp-garden\/?p=25678"},"modified":"2025-05-21T22:53:17","modified_gmt":"2025-05-21T20:53:17","slug":"somnifere-du-jour-6-5-2025","status":"publish","type":"post","link":"https:\/\/www.rezeau.org\/wp-garden\/fr\/somnifere-du-jour-6-5-2025\/","title":{"rendered":"Somnif\u00e8re du jour"},"content":{"rendered":"\n<p>Le somnif\u00e8re du jour est un pavot d&#8217;orient (<em><strong>Papaver somniferum<\/strong><\/em>). Ce pavot a v\u00e9cu quelques ann\u00e9es au jardin de papi Jo, mais a fini par dispara\u00eetre&#8230; En revanche, en ce moment, il d\u00e9core somptueusement les jardini\u00e8res au bout de ma rue. En voici un p\u00e9tale, qui permet d&#8217;admirer ses couleurs froufroutantes.<\/p>\n\n\n\n<figure class=\"wp-block-image size-full\"><img loading=\"lazy\" decoding=\"async\" width=\"800\" height=\"533\" src=\"https:\/\/www.rezeau.org\/wp-garden\/wp-content\/uploads\/L-IMGP0853.png\" alt=\"\" class=\"wp-image-25677\" srcset=\"https:\/\/www.rezeau.org\/wp-garden\/wp-content\/uploads\/L-IMGP0853.png 800w, https:\/\/www.rezeau.org\/wp-garden\/wp-content\/uploads\/L-IMGP0853-300x200.png 300w, https:\/\/www.rezeau.org\/wp-garden\/wp-content\/uploads\/L-IMGP0853-768x512.png 768w, https:\/\/www.rezeau.org\/wp-garden\/wp-content\/uploads\/L-IMGP0853-400x267.png 400w, https:\/\/www.rezeau.org\/wp-garden\/wp-content\/uploads\/L-IMGP0853-150x100.png 150w\" sizes=\"auto, (max-width: 800px) 100vw, 800px\" \/><\/figure>\n","protected":false},"excerpt":{"rendered":"<p>Le somnif\u00e8re du jour est un pavot d&#8217;orient (Papaver somniferum). Ce pavot a v\u00e9cu quelques ann\u00e9es au jardin de papi Jo, mais a fini par dispara\u00eetre&#8230; En revanche, en ce moment, il d\u00e9core somptueusement les jardini\u00e8res au bout de ma rue. En voici un p\u00e9tale, qui permet d&#8217;admirer ses couleurs&#8230;<\/p>\n<p class=\"continue-reading-button\"> <a class=\"continue-reading-link\" href=\"https:\/\/www.rezeau.org\/wp-garden\/fr\/somnifere-du-jour-6-5-2025\/\">Continue reading<i class=\"crycon-right-dir\"><\/i><\/a><\/p>\n","protected":false},"author":2,"featured_media":25677,"comment_status":"closed","ping_status":"closed","sticky":false,"template":"","format":"standard","meta":{"_acf_changed":false,"footnotes":""},"categories":[677],"tags":[3395,3208,4141],"class_list":["post-25678","post","type-post","status-publish","format-standard","has-post-thumbnail","hentry","category-journal-du-jardin","tag-botanique","tag-floraisons","tag-photo-du-jour"],"acf":[],"_links":{"self":[{"href":"https:\/\/www.rezeau.org\/wp-garden\/wp-json\/wp\/v2\/posts\/25678","targetHints":{"allow":["GET"]}}],"collection":[{"href":"https:\/\/www.rezeau.org\/wp-garden\/wp-json\/wp\/v2\/posts"}],"about":[{"href":"https:\/\/www.rezeau.org\/wp-garden\/wp-json\/wp\/v2\/types\/post"}],"author":[{"embeddable":true,"href":"https:\/\/www.rezeau.org\/wp-garden\/wp-json\/wp\/v2\/users\/2"}],"replies":[{"embeddable":true,"href":"https:\/\/www.rezeau.org\/wp-garden\/wp-json\/wp\/v2\/comments?post=25678"}],"version-history":[{"count":2,"href":"https:\/\/www.rezeau.org\/wp-garden\/wp-json\/wp\/v2\/posts\/25678\/revisions"}],"predecessor-version":[{"id":25895,"href":"https:\/\/www.rezeau.org\/wp-garden\/wp-json\/wp\/v2\/posts\/25678\/revisions\/25895"}],"wp:featuredmedia":[{"embeddable":true,"href":"https:\/\/www.rezeau.org\/wp-garden\/wp-json\/wp\/v2\/media\/25677"}],"wp:attachment":[{"href":"https:\/\/www.rezeau.org\/wp-garden\/wp-json\/wp\/v2\/media?parent=25678"}],"wp:term":[{"taxonomy":"category","embeddable":true,"href":"https:\/\/www.rezeau.org\/wp-garden\/wp-json\/wp\/v2\/categories?post=25678"},{"taxonomy":"post_tag","embeddable":true,"href":"https:\/\/www.rezeau.org\/wp-garden\/wp-json\/wp\/v2\/tags?post=25678"}],"curies":[{"name":"wp","href":"https:\/\/api.w.org\/{rel}","templated":true}]}}