
{"id":25688,"date":"2025-05-07T17:18:56","date_gmt":"2025-05-07T15:18:56","guid":{"rendered":"https:\/\/www.rezeau.org\/wp-garden\/?p=25688"},"modified":"2025-05-21T22:52:45","modified_gmt":"2025-05-21T20:52:45","slug":"balade-du-jour-7-5-2025","status":"publish","type":"post","link":"https:\/\/www.rezeau.org\/wp-garden\/fr\/balade-du-jour-7-5-2025\/","title":{"rendered":"Balade du jour"},"content":{"rendered":"\n<p>Au pays de Redon. <\/p>\n\n\n\n<blockquote class=\"wp-block-quote is-layout-flow wp-block-quote-is-layout-flow\">\n<p>Redon est une commune fran\u00e7aise, sous-pr\u00e9fecture du d\u00e9partement d&#8217;Ille-et-Vilaine en r\u00e9gion Bretagne. Avec 9 336 habitants en 2022, elle est la 14e commune d&#8217;Ille-et-Vilaine. Situ\u00e9e \u00e0 la fronti\u00e8re de deux d\u00e9partements voisins, Redon est le centre de la communaut\u00e9 d&#8217;agglom\u00e9ration Redon Agglom\u00e9ration regroupant des communes d&#8217;Ille-et-Vilaine, du Morbihan et de la Loire-Atlantique.<\/p>\n<\/blockquote>\n\n\n\n<figure class=\"wp-block-gallery has-nested-images columns-default is-cropped wp-block-gallery-1 is-layout-flex wp-block-gallery-is-layout-flex\">\n<figure class=\"wp-block-image size-large\"><a href=\"https:\/\/www.rezeau.org\/wp-garden\/wp-content\/uploads\/20250507_133713.jpg\" rel=\"lightbox[25688]\"><img loading=\"lazy\" decoding=\"async\" width=\"533\" height=\"800\" data-id=\"25687\" src=\"https:\/\/www.rezeau.org\/wp-garden\/wp-content\/uploads\/20250507_133713.jpg\" alt=\"\" class=\"wp-image-25687\" srcset=\"https:\/\/www.rezeau.org\/wp-garden\/wp-content\/uploads\/20250507_133713.jpg 533w, https:\/\/www.rezeau.org\/wp-garden\/wp-content\/uploads\/20250507_133713-200x300.jpg 200w, https:\/\/www.rezeau.org\/wp-garden\/wp-content\/uploads\/20250507_133713-400x600.jpg 400w, https:\/\/www.rezeau.org\/wp-garden\/wp-content\/uploads\/20250507_133713-100x150.jpg 100w\" sizes=\"auto, (max-width: 533px) 100vw, 533px\" \/><\/a><figcaption class=\"wp-element-caption\">07\/05\/2025<\/figcaption><\/figure>\n\n\n\n<figure class=\"wp-block-image size-large\"><a href=\"https:\/\/www.rezeau.org\/wp-garden\/wp-content\/uploads\/20250507_133638.jpg\" rel=\"lightbox[25688]\"><img loading=\"lazy\" decoding=\"async\" width=\"800\" height=\"800\" data-id=\"25686\" src=\"https:\/\/www.rezeau.org\/wp-garden\/wp-content\/uploads\/20250507_133638.jpg\" alt=\"\" class=\"wp-image-25686\" srcset=\"https:\/\/www.rezeau.org\/wp-garden\/wp-content\/uploads\/20250507_133638.jpg 800w, https:\/\/www.rezeau.org\/wp-garden\/wp-content\/uploads\/20250507_133638-300x300.jpg 300w, https:\/\/www.rezeau.org\/wp-garden\/wp-content\/uploads\/20250507_133638-150x150.jpg 150w, https:\/\/www.rezeau.org\/wp-garden\/wp-content\/uploads\/20250507_133638-768x768.jpg 768w, https:\/\/www.rezeau.org\/wp-garden\/wp-content\/uploads\/20250507_133638-400x400.jpg 400w\" sizes=\"auto, (max-width: 800px) 100vw, 800px\" \/><\/a><figcaption class=\"wp-element-caption\">07\/05\/2025<\/figcaption><\/figure>\n\n\n\n<figure class=\"wp-block-image size-large\"><a href=\"https:\/\/www.rezeau.org\/wp-garden\/wp-content\/uploads\/20250507_133552.jpg\" rel=\"lightbox[25688]\"><img loading=\"lazy\" decoding=\"async\" width=\"533\" height=\"800\" data-id=\"25685\" src=\"https:\/\/www.rezeau.org\/wp-garden\/wp-content\/uploads\/20250507_133552.jpg\" alt=\"\" class=\"wp-image-25685\" srcset=\"https:\/\/www.rezeau.org\/wp-garden\/wp-content\/uploads\/20250507_133552.jpg 533w, https:\/\/www.rezeau.org\/wp-garden\/wp-content\/uploads\/20250507_133552-200x300.jpg 200w, https:\/\/www.rezeau.org\/wp-garden\/wp-content\/uploads\/20250507_133552-400x600.jpg 400w, https:\/\/www.rezeau.org\/wp-garden\/wp-content\/uploads\/20250507_133552-100x150.jpg 100w\" sizes=\"auto, (max-width: 533px) 100vw, 533px\" \/><\/a><figcaption class=\"wp-element-caption\">07\/05\/2025<\/figcaption><\/figure>\n<\/figure>\n","protected":false},"excerpt":{"rendered":"<p>Au pays de Redon.<\/p>\n<p class=\"continue-reading-button\"> <a class=\"continue-reading-link\" href=\"https:\/\/www.rezeau.org\/wp-garden\/fr\/balade-du-jour-7-5-2025\/\">Continue reading<i class=\"crycon-right-dir\"><\/i><\/a><\/p>\n","protected":false},"author":2,"featured_media":25686,"comment_status":"closed","ping_status":"closed","sticky":false,"template":"","format":"standard","meta":{"_acf_changed":false,"footnotes":""},"categories":[677],"tags":[],"class_list":["post-25688","post","type-post","status-publish","format-standard","has-post-thumbnail","hentry","category-journal-du-jardin"],"acf":[],"_links":{"self":[{"href":"https:\/\/www.rezeau.org\/wp-garden\/wp-json\/wp\/v2\/posts\/25688","targetHints":{"allow":["GET"]}}],"collection":[{"href":"https:\/\/www.rezeau.org\/wp-garden\/wp-json\/wp\/v2\/posts"}],"about":[{"href":"https:\/\/www.rezeau.org\/wp-garden\/wp-json\/wp\/v2\/types\/post"}],"author":[{"embeddable":true,"href":"https:\/\/www.rezeau.org\/wp-garden\/wp-json\/wp\/v2\/users\/2"}],"replies":[{"embeddable":true,"href":"https:\/\/www.rezeau.org\/wp-garden\/wp-json\/wp\/v2\/comments?post=25688"}],"version-history":[{"count":3,"href":"https:\/\/www.rezeau.org\/wp-garden\/wp-json\/wp\/v2\/posts\/25688\/revisions"}],"predecessor-version":[{"id":25894,"href":"https:\/\/www.rezeau.org\/wp-garden\/wp-json\/wp\/v2\/posts\/25688\/revisions\/25894"}],"wp:featuredmedia":[{"embeddable":true,"href":"https:\/\/www.rezeau.org\/wp-garden\/wp-json\/wp\/v2\/media\/25686"}],"wp:attachment":[{"href":"https:\/\/www.rezeau.org\/wp-garden\/wp-json\/wp\/v2\/media?parent=25688"}],"wp:term":[{"taxonomy":"category","embeddable":true,"href":"https:\/\/www.rezeau.org\/wp-garden\/wp-json\/wp\/v2\/categories?post=25688"},{"taxonomy":"post_tag","embeddable":true,"href":"https:\/\/www.rezeau.org\/wp-garden\/wp-json\/wp\/v2\/tags?post=25688"}],"curies":[{"name":"wp","href":"https:\/\/api.w.org\/{rel}","templated":true}]}}