
{"id":25698,"date":"2025-05-08T19:10:45","date_gmt":"2025-05-08T17:10:45","guid":{"rendered":"https:\/\/www.rezeau.org\/wp-garden\/?p=25698"},"modified":"2025-05-21T22:52:16","modified_gmt":"2025-05-21T20:52:16","slug":"papillon-du-jour-8-5-2025","status":"publish","type":"post","link":"https:\/\/www.rezeau.org\/wp-garden\/fr\/papillon-du-jour-8-5-2025\/","title":{"rendered":"Papillon du jour"},"content":{"rendered":"\n<p>Aujourd&#8217;hui aper\u00e7u dans le jardin un spectacle devenu rarissime. Un couple de papillons &#8216;Machaon&#8217; qui papillonnaient gaiment au soleil. Malheureusement pas d&#8217;appareil photo sous la main pour capturer l&#8217;instant. Voici donc quelques photos anciennes prises au jardin ou dans les environs&#8230;<\/p>\n\n\n\n<blockquote class=\"wp-block-quote is-layout-flow wp-block-quote-is-layout-flow\">\n<p>Le Machaon jaune ou Grand porte-queue (<em>Papilio machaon<\/em>) est une esp\u00e8ce de l\u00e9pidopt\u00e8res de la famille des <em>Papilionidae<\/em>. Pr\u00e9sent dans la plupart des r\u00e9gions temp\u00e9r\u00e9es de l&#8217;h\u00e9misph\u00e8re nord, ce grand papillon est particuli\u00e8rement connu du grand public en Europe o\u00f9 il est commun<sup>(*)<\/sup>. [<a href=\"https:\/\/fr.wikipedia.org\/wiki\/Machaon_(papillon)\">Wikip\u00e9dia<\/a>]<\/p>\n<\/blockquote>\n\n\n\n<p class=\"footnote\">(*) Oui, enfin &#8220;commun&#8221;, de moins en moins, je dirais plut\u00f4t &#8220;rare&#8221;.<\/p>\n\n\n\n<figure class=\"wp-block-gallery has-nested-images columns-default is-cropped wp-block-gallery-1 is-layout-flex wp-block-gallery-is-layout-flex\">\n<figure class=\"wp-block-image size-large\"><a href=\"https:\/\/www.rezeau.org\/wp-garden\/wp-content\/uploads\/C-IMGP3451.jpg\" rel=\"lightbox[25698]\"><img loading=\"lazy\" decoding=\"async\" width=\"800\" height=\"600\" data-id=\"25704\" src=\"https:\/\/www.rezeau.org\/wp-garden\/wp-content\/uploads\/C-IMGP3451.jpg\" alt=\"\" class=\"wp-image-25704\" srcset=\"https:\/\/www.rezeau.org\/wp-garden\/wp-content\/uploads\/C-IMGP3451.jpg 800w, https:\/\/www.rezeau.org\/wp-garden\/wp-content\/uploads\/C-IMGP3451-300x225.jpg 300w, https:\/\/www.rezeau.org\/wp-garden\/wp-content\/uploads\/C-IMGP3451-768x576.jpg 768w, https:\/\/www.rezeau.org\/wp-garden\/wp-content\/uploads\/C-IMGP3451-400x300.jpg 400w, https:\/\/www.rezeau.org\/wp-garden\/wp-content\/uploads\/C-IMGP3451-150x113.jpg 150w\" sizes=\"auto, (max-width: 800px) 100vw, 800px\" \/><\/a><figcaption class=\"wp-element-caption\"><em>Papilio machaon<\/em> 24\/08\/2011<\/figcaption><\/figure>\n\n\n\n<figure class=\"wp-block-image size-large\"><a href=\"https:\/\/www.rezeau.org\/wp-garden\/wp-content\/uploads\/I-IMGP1535-1.jpg\" rel=\"lightbox[25698]\"><img loading=\"lazy\" decoding=\"async\" width=\"800\" height=\"600\" data-id=\"25708\" src=\"https:\/\/www.rezeau.org\/wp-garden\/wp-content\/uploads\/I-IMGP1535-1.jpg\" alt=\"sur Ruta graveolens\" class=\"wp-image-25708\" srcset=\"https:\/\/www.rezeau.org\/wp-garden\/wp-content\/uploads\/I-IMGP1535-1.jpg 800w, https:\/\/www.rezeau.org\/wp-garden\/wp-content\/uploads\/I-IMGP1535-1-300x225.jpg 300w, https:\/\/www.rezeau.org\/wp-garden\/wp-content\/uploads\/I-IMGP1535-1-768x576.jpg 768w, https:\/\/www.rezeau.org\/wp-garden\/wp-content\/uploads\/I-IMGP1535-1-400x300.jpg 400w, https:\/\/www.rezeau.org\/wp-garden\/wp-content\/uploads\/I-IMGP1535-1-150x113.jpg 150w\" sizes=\"auto, (max-width: 800px) 100vw, 800px\" \/><\/a><figcaption class=\"wp-element-caption\"><em>Papilio machaon <\/em>Chenille sur <em>Ruta graveolens<\/em> au jardin 17\/06\/2019<\/figcaption><\/figure>\n\n\n\n<figure class=\"wp-block-image size-large\"><a href=\"https:\/\/www.rezeau.org\/wp-garden\/wp-content\/uploads\/G-IMGP1450.jpg\" rel=\"lightbox[25698]\"><img loading=\"lazy\" decoding=\"async\" width=\"800\" height=\"533\" data-id=\"25707\" src=\"https:\/\/www.rezeau.org\/wp-garden\/wp-content\/uploads\/G-IMGP1450.jpg\" alt=\"\" class=\"wp-image-25707\" srcset=\"https:\/\/www.rezeau.org\/wp-garden\/wp-content\/uploads\/G-IMGP1450.jpg 800w, https:\/\/www.rezeau.org\/wp-garden\/wp-content\/uploads\/G-IMGP1450-300x200.jpg 300w, https:\/\/www.rezeau.org\/wp-garden\/wp-content\/uploads\/G-IMGP1450-768x512.jpg 768w, https:\/\/www.rezeau.org\/wp-garden\/wp-content\/uploads\/G-IMGP1450-400x267.jpg 400w, https:\/\/www.rezeau.org\/wp-garden\/wp-content\/uploads\/G-IMGP1450-150x100.jpg 150w\" sizes=\"auto, (max-width: 800px) 100vw, 800px\" \/><\/a><figcaption class=\"wp-element-caption\"><em>Papilio machaon<\/em> 12\/05\/2014<\/figcaption><\/figure>\n\n\n\n<figure class=\"wp-block-image size-large\"><a href=\"https:\/\/www.rezeau.org\/wp-garden\/wp-content\/uploads\/G-IMGP1437.jpg\" rel=\"lightbox[25698]\"><img loading=\"lazy\" decoding=\"async\" width=\"800\" height=\"533\" data-id=\"25706\" src=\"https:\/\/www.rezeau.org\/wp-garden\/wp-content\/uploads\/G-IMGP1437.jpg\" alt=\"\" class=\"wp-image-25706\" srcset=\"https:\/\/www.rezeau.org\/wp-garden\/wp-content\/uploads\/G-IMGP1437.jpg 800w, https:\/\/www.rezeau.org\/wp-garden\/wp-content\/uploads\/G-IMGP1437-300x200.jpg 300w, https:\/\/www.rezeau.org\/wp-garden\/wp-content\/uploads\/G-IMGP1437-768x512.jpg 768w, https:\/\/www.rezeau.org\/wp-garden\/wp-content\/uploads\/G-IMGP1437-400x267.jpg 400w, https:\/\/www.rezeau.org\/wp-garden\/wp-content\/uploads\/G-IMGP1437-150x100.jpg 150w\" sizes=\"auto, (max-width: 800px) 100vw, 800px\" \/><\/a><figcaption class=\"wp-element-caption\"><em>Papilio machaon<\/em> 12\/05\/2014<\/figcaption><\/figure>\n\n\n\n<figure class=\"wp-block-image size-large\"><a href=\"https:\/\/www.rezeau.org\/wp-garden\/wp-content\/uploads\/G-IMGP1429.jpg\" rel=\"lightbox[25698]\"><img loading=\"lazy\" decoding=\"async\" width=\"800\" height=\"533\" data-id=\"25705\" src=\"https:\/\/www.rezeau.org\/wp-garden\/wp-content\/uploads\/G-IMGP1429.jpg\" alt=\"\" class=\"wp-image-25705\" srcset=\"https:\/\/www.rezeau.org\/wp-garden\/wp-content\/uploads\/G-IMGP1429.jpg 800w, https:\/\/www.rezeau.org\/wp-garden\/wp-content\/uploads\/G-IMGP1429-300x200.jpg 300w, https:\/\/www.rezeau.org\/wp-garden\/wp-content\/uploads\/G-IMGP1429-768x512.jpg 768w, https:\/\/www.rezeau.org\/wp-garden\/wp-content\/uploads\/G-IMGP1429-400x267.jpg 400w, https:\/\/www.rezeau.org\/wp-garden\/wp-content\/uploads\/G-IMGP1429-150x100.jpg 150w\" sizes=\"auto, (max-width: 800px) 100vw, 800px\" \/><\/a><figcaption class=\"wp-element-caption\"><em>Papilio machaon<\/em> 12\/05\/2014<br>(petit accident de queue \u00e0 droite)<\/figcaption><\/figure>\n<\/figure>\n\n\n\n<p><\/p>\n","protected":false},"excerpt":{"rendered":"<p>Aujourd&#8217;hui aper\u00e7u dans le jardin un spectacle devenu rarissime.<\/p>\n<p class=\"continue-reading-button\"> <a class=\"continue-reading-link\" href=\"https:\/\/www.rezeau.org\/wp-garden\/fr\/papillon-du-jour-8-5-2025\/\">Continue reading<i class=\"crycon-right-dir\"><\/i><\/a><\/p>\n","protected":false},"author":2,"featured_media":25705,"comment_status":"closed","ping_status":"closed","sticky":false,"template":"","format":"standard","meta":{"_acf_changed":false,"footnotes":""},"categories":[677],"tags":[2187,2330],"class_list":["post-25698","post","type-post","status-publish","format-standard","has-post-thumbnail","hentry","category-journal-du-jardin","tag-coup-de-gueule","tag-insectes"],"acf":[],"_links":{"self":[{"href":"https:\/\/www.rezeau.org\/wp-garden\/wp-json\/wp\/v2\/posts\/25698","targetHints":{"allow":["GET"]}}],"collection":[{"href":"https:\/\/www.rezeau.org\/wp-garden\/wp-json\/wp\/v2\/posts"}],"about":[{"href":"https:\/\/www.rezeau.org\/wp-garden\/wp-json\/wp\/v2\/types\/post"}],"author":[{"embeddable":true,"href":"https:\/\/www.rezeau.org\/wp-garden\/wp-json\/wp\/v2\/users\/2"}],"replies":[{"embeddable":true,"href":"https:\/\/www.rezeau.org\/wp-garden\/wp-json\/wp\/v2\/comments?post=25698"}],"version-history":[{"count":3,"href":"https:\/\/www.rezeau.org\/wp-garden\/wp-json\/wp\/v2\/posts\/25698\/revisions"}],"predecessor-version":[{"id":25891,"href":"https:\/\/www.rezeau.org\/wp-garden\/wp-json\/wp\/v2\/posts\/25698\/revisions\/25891"}],"wp:featuredmedia":[{"embeddable":true,"href":"https:\/\/www.rezeau.org\/wp-garden\/wp-json\/wp\/v2\/media\/25705"}],"wp:attachment":[{"href":"https:\/\/www.rezeau.org\/wp-garden\/wp-json\/wp\/v2\/media?parent=25698"}],"wp:term":[{"taxonomy":"category","embeddable":true,"href":"https:\/\/www.rezeau.org\/wp-garden\/wp-json\/wp\/v2\/categories?post=25698"},{"taxonomy":"post_tag","embeddable":true,"href":"https:\/\/www.rezeau.org\/wp-garden\/wp-json\/wp\/v2\/tags?post=25698"}],"curies":[{"name":"wp","href":"https:\/\/api.w.org\/{rel}","templated":true}]}}