
{"id":25752,"date":"2025-05-13T19:50:16","date_gmt":"2025-05-13T17:50:16","guid":{"rendered":"https:\/\/www.rezeau.org\/wp-garden\/?p=25752"},"modified":"2025-05-21T22:51:46","modified_gmt":"2025-05-21T20:51:46","slug":"rebecca-cardinale-13-5-2025","status":"publish","type":"post","link":"https:\/\/www.rezeau.org\/wp-garden\/fr\/rebecca-cardinale-13-5-2025\/","title":{"rendered":"&#8216;Rebecca&#8217; cardinale?"},"content":{"rendered":"\n<p>La plante du jour est la cl\u00e9matite &#8216;Rebecca&#8217;. La couleur de sa robe est tr\u00e8s semblable \u00e0 la pourpre cardinalice, ce qui est d&#8217;actualit\u00e9&#8230; Voici ce qu&#8217;en dit le site Promesse de Fleurs&nbsp;:<\/p>\n\n\n\n<blockquote class=\"wp-block-quote is-layout-flow wp-block-quote-is-layout-flow\">\n<p>La Clematite &#8216;Rebecca&#8217; Evipo016 est une vari\u00e9t\u00e9 britannique r\u00e9cente consid\u00e9r\u00e9e par les professionnels de l&#8217;horticulture comme la meilleure des cl\u00e9matites \u00e0 grandes fleurs rouges. Les siennes, plus larges que la main, s&#8217;\u00e9panouissent en une splendide \u00e9toile d&#8217;un rouge rare, \u00e0 la fois velout\u00e9 et vibrant, presque psych\u00e9d\u00e9lique sous le soleil. Au centre de l&#8217;\u00e9toile tr\u00f4ne un bouquet d&#8217;\u00e9tamines jaune cr\u00e8me joliment teint\u00e9es de rouge, qui font de cette vari\u00e9t\u00e9 une cr\u00e9ation absolument unique. Cette vari\u00e9t\u00e9 est aussi particuli\u00e8rement g\u00e9n\u00e9reuse: elle fleurit t\u00f4t, tr\u00e8s longtemps et avec un tel abandon durant toute la belle saison, que son feuillage dispara\u00eet presque sous un manteau rutilant. Avec son d\u00e9veloppement modeste, cette petite liane un tantinet buissonnante est pr\u00eate \u00e0 faire son entr\u00e9e dans tous les jardins.<\/p>\n<\/blockquote>\n\n\n\n<figure class=\"wp-block-gallery has-nested-images columns-default is-cropped wp-block-gallery-1 is-layout-flex wp-block-gallery-is-layout-flex\">\n<figure class=\"wp-block-image size-large\"><a href=\"https:\/\/www.rezeau.org\/wp-garden\/wp-content\/uploads\/Clematis-patens-\u2018Rebecca-13-05-2025-5.jpg\" rel=\"lightbox[25752]\"><img loading=\"lazy\" decoding=\"async\" width=\"800\" height=\"800\" data-id=\"25751\" src=\"https:\/\/www.rezeau.org\/wp-garden\/wp-content\/uploads\/Clematis-patens-\u2018Rebecca-13-05-2025-5.jpg\" alt=\"13 mai 2025\" class=\"wp-image-25751\" srcset=\"https:\/\/www.rezeau.org\/wp-garden\/wp-content\/uploads\/Clematis-patens-\u2018Rebecca-13-05-2025-5.jpg 800w, https:\/\/www.rezeau.org\/wp-garden\/wp-content\/uploads\/Clematis-patens-\u2018Rebecca-13-05-2025-5-300x300.jpg 300w, https:\/\/www.rezeau.org\/wp-garden\/wp-content\/uploads\/Clematis-patens-\u2018Rebecca-13-05-2025-5-150x150.jpg 150w, https:\/\/www.rezeau.org\/wp-garden\/wp-content\/uploads\/Clematis-patens-\u2018Rebecca-13-05-2025-5-768x768.jpg 768w, https:\/\/www.rezeau.org\/wp-garden\/wp-content\/uploads\/Clematis-patens-\u2018Rebecca-13-05-2025-5-400x400.jpg 400w\" sizes=\"auto, (max-width: 800px) 100vw, 800px\" \/><\/a><\/figure>\n\n\n\n<figure class=\"wp-block-image size-large\"><a href=\"https:\/\/www.rezeau.org\/wp-garden\/wp-content\/uploads\/Clematis-patens-\u2018Rebecca-13-05-2025-4.jpg\" rel=\"lightbox[25752]\"><img loading=\"lazy\" decoding=\"async\" width=\"800\" height=\"533\" data-id=\"25750\" src=\"https:\/\/www.rezeau.org\/wp-garden\/wp-content\/uploads\/Clematis-patens-\u2018Rebecca-13-05-2025-4.jpg\" alt=\"13 mai 2025\" class=\"wp-image-25750\" srcset=\"https:\/\/www.rezeau.org\/wp-garden\/wp-content\/uploads\/Clematis-patens-\u2018Rebecca-13-05-2025-4.jpg 800w, https:\/\/www.rezeau.org\/wp-garden\/wp-content\/uploads\/Clematis-patens-\u2018Rebecca-13-05-2025-4-300x200.jpg 300w, https:\/\/www.rezeau.org\/wp-garden\/wp-content\/uploads\/Clematis-patens-\u2018Rebecca-13-05-2025-4-768x512.jpg 768w, https:\/\/www.rezeau.org\/wp-garden\/wp-content\/uploads\/Clematis-patens-\u2018Rebecca-13-05-2025-4-400x267.jpg 400w, https:\/\/www.rezeau.org\/wp-garden\/wp-content\/uploads\/Clematis-patens-\u2018Rebecca-13-05-2025-4-150x100.jpg 150w\" sizes=\"auto, (max-width: 800px) 100vw, 800px\" \/><\/a><\/figure>\n\n\n\n<figure class=\"wp-block-image size-large\"><a href=\"https:\/\/www.rezeau.org\/wp-garden\/wp-content\/uploads\/Clematis-patens-\u2018Rebecca-13-05-2025-3.jpg\" rel=\"lightbox[25752]\"><img loading=\"lazy\" decoding=\"async\" width=\"800\" height=\"533\" data-id=\"25749\" src=\"https:\/\/www.rezeau.org\/wp-garden\/wp-content\/uploads\/Clematis-patens-\u2018Rebecca-13-05-2025-3.jpg\" alt=\"13 mai 2025\" class=\"wp-image-25749\" srcset=\"https:\/\/www.rezeau.org\/wp-garden\/wp-content\/uploads\/Clematis-patens-\u2018Rebecca-13-05-2025-3.jpg 800w, https:\/\/www.rezeau.org\/wp-garden\/wp-content\/uploads\/Clematis-patens-\u2018Rebecca-13-05-2025-3-300x200.jpg 300w, https:\/\/www.rezeau.org\/wp-garden\/wp-content\/uploads\/Clematis-patens-\u2018Rebecca-13-05-2025-3-768x512.jpg 768w, https:\/\/www.rezeau.org\/wp-garden\/wp-content\/uploads\/Clematis-patens-\u2018Rebecca-13-05-2025-3-400x267.jpg 400w, https:\/\/www.rezeau.org\/wp-garden\/wp-content\/uploads\/Clematis-patens-\u2018Rebecca-13-05-2025-3-150x100.jpg 150w\" sizes=\"auto, (max-width: 800px) 100vw, 800px\" \/><\/a><\/figure>\n\n\n\n<figure class=\"wp-block-image size-large\"><a href=\"https:\/\/www.rezeau.org\/wp-garden\/wp-content\/uploads\/Clematis-patens-\u2018Rebecca-13-05-2025-2.jpg\" rel=\"lightbox[25752]\"><img loading=\"lazy\" decoding=\"async\" width=\"800\" height=\"533\" data-id=\"25748\" src=\"https:\/\/www.rezeau.org\/wp-garden\/wp-content\/uploads\/Clematis-patens-\u2018Rebecca-13-05-2025-2.jpg\" alt=\"13 mai 2025\" class=\"wp-image-25748\" srcset=\"https:\/\/www.rezeau.org\/wp-garden\/wp-content\/uploads\/Clematis-patens-\u2018Rebecca-13-05-2025-2.jpg 800w, https:\/\/www.rezeau.org\/wp-garden\/wp-content\/uploads\/Clematis-patens-\u2018Rebecca-13-05-2025-2-300x200.jpg 300w, https:\/\/www.rezeau.org\/wp-garden\/wp-content\/uploads\/Clematis-patens-\u2018Rebecca-13-05-2025-2-768x512.jpg 768w, https:\/\/www.rezeau.org\/wp-garden\/wp-content\/uploads\/Clematis-patens-\u2018Rebecca-13-05-2025-2-400x267.jpg 400w, https:\/\/www.rezeau.org\/wp-garden\/wp-content\/uploads\/Clematis-patens-\u2018Rebecca-13-05-2025-2-150x100.jpg 150w\" sizes=\"auto, (max-width: 800px) 100vw, 800px\" \/><\/a><\/figure>\n\n\n\n<figure class=\"wp-block-image size-large\"><a href=\"https:\/\/www.rezeau.org\/wp-garden\/wp-content\/uploads\/Clematis-patens-\u2018Rebecca-13-05-2025.jpg\" rel=\"lightbox[25752]\"><img loading=\"lazy\" decoding=\"async\" width=\"800\" height=\"533\" data-id=\"25747\" src=\"https:\/\/www.rezeau.org\/wp-garden\/wp-content\/uploads\/Clematis-patens-\u2018Rebecca-13-05-2025.jpg\" alt=\"13 mai 2025\" class=\"wp-image-25747\" srcset=\"https:\/\/www.rezeau.org\/wp-garden\/wp-content\/uploads\/Clematis-patens-\u2018Rebecca-13-05-2025.jpg 800w, https:\/\/www.rezeau.org\/wp-garden\/wp-content\/uploads\/Clematis-patens-\u2018Rebecca-13-05-2025-300x200.jpg 300w, https:\/\/www.rezeau.org\/wp-garden\/wp-content\/uploads\/Clematis-patens-\u2018Rebecca-13-05-2025-768x512.jpg 768w, https:\/\/www.rezeau.org\/wp-garden\/wp-content\/uploads\/Clematis-patens-\u2018Rebecca-13-05-2025-400x267.jpg 400w, https:\/\/www.rezeau.org\/wp-garden\/wp-content\/uploads\/Clematis-patens-\u2018Rebecca-13-05-2025-150x100.jpg 150w\" sizes=\"auto, (max-width: 800px) 100vw, 800px\" \/><\/a><\/figure>\n<figcaption class=\"blocks-gallery-caption wp-element-caption\"><em>Clematis patens<\/em> \u2018Rebecca\u2019 13\/05\/2025<\/figcaption><\/figure>\n","protected":false},"excerpt":{"rendered":"<p>La plante du jour est la cl\u00e9matite &#8216;Rebecca&#8217;. La couleur de sa robe est tr\u00e8s semblable \u00e0 la pourpre cardinalice, ce qui est d&#8217;actualit\u00e9&#8230; Voici ce qu&#8217;en dit le site Promesse de Fleurs&nbsp;: La Clematite &#8216;Rebecca&#8217; Evipo016 est une vari\u00e9t\u00e9 britannique r\u00e9cente consid\u00e9r\u00e9e par les professionnels de l&#8217;horticulture comme la&#8230;<\/p>\n<p class=\"continue-reading-button\"> <a class=\"continue-reading-link\" href=\"https:\/\/www.rezeau.org\/wp-garden\/fr\/rebecca-cardinale-13-5-2025\/\">Continue reading<i class=\"crycon-right-dir\"><\/i><\/a><\/p>\n","protected":false},"author":2,"featured_media":25748,"comment_status":"closed","ping_status":"closed","sticky":false,"template":"","format":"standard","meta":{"_acf_changed":false,"footnotes":""},"categories":[677],"tags":[3395,3208,4141],"class_list":["post-25752","post","type-post","status-publish","format-standard","has-post-thumbnail","hentry","category-journal-du-jardin","tag-botanique","tag-floraisons","tag-photo-du-jour"],"acf":[],"_links":{"self":[{"href":"https:\/\/www.rezeau.org\/wp-garden\/wp-json\/wp\/v2\/posts\/25752","targetHints":{"allow":["GET"]}}],"collection":[{"href":"https:\/\/www.rezeau.org\/wp-garden\/wp-json\/wp\/v2\/posts"}],"about":[{"href":"https:\/\/www.rezeau.org\/wp-garden\/wp-json\/wp\/v2\/types\/post"}],"author":[{"embeddable":true,"href":"https:\/\/www.rezeau.org\/wp-garden\/wp-json\/wp\/v2\/users\/2"}],"replies":[{"embeddable":true,"href":"https:\/\/www.rezeau.org\/wp-garden\/wp-json\/wp\/v2\/comments?post=25752"}],"version-history":[{"count":3,"href":"https:\/\/www.rezeau.org\/wp-garden\/wp-json\/wp\/v2\/posts\/25752\/revisions"}],"predecessor-version":[{"id":25889,"href":"https:\/\/www.rezeau.org\/wp-garden\/wp-json\/wp\/v2\/posts\/25752\/revisions\/25889"}],"wp:featuredmedia":[{"embeddable":true,"href":"https:\/\/www.rezeau.org\/wp-garden\/wp-json\/wp\/v2\/media\/25748"}],"wp:attachment":[{"href":"https:\/\/www.rezeau.org\/wp-garden\/wp-json\/wp\/v2\/media?parent=25752"}],"wp:term":[{"taxonomy":"category","embeddable":true,"href":"https:\/\/www.rezeau.org\/wp-garden\/wp-json\/wp\/v2\/categories?post=25752"},{"taxonomy":"post_tag","embeddable":true,"href":"https:\/\/www.rezeau.org\/wp-garden\/wp-json\/wp\/v2\/tags?post=25752"}],"curies":[{"name":"wp","href":"https:\/\/api.w.org\/{rel}","templated":true}]}}