
{"id":25767,"date":"2025-05-15T19:14:42","date_gmt":"2025-05-15T17:14:42","guid":{"rendered":"https:\/\/www.rezeau.org\/wp-garden\/?p=25767"},"modified":"2025-05-21T22:51:21","modified_gmt":"2025-05-21T20:51:21","slug":"fougere-bonsai-15-5-2025","status":"publish","type":"post","link":"https:\/\/www.rezeau.org\/wp-garden\/fr\/fougere-bonsai-15-5-2025\/","title":{"rendered":"Foug\u00e8re bonsa\u00ef"},"content":{"rendered":"\n<p>La &#8220;fougeraie&#8221; du jardin de papi Jo a connu des fortunes vari\u00e9es, avec la disparition d&#8217;une dizaine d&#8217;esp\u00e8ces r\u00e9cemment. Le <a href=\"https:\/\/www.rezeau.org\/wp-garden\/fr\/le-mur-de-fougeres\/\" data-type=\"link\" data-id=\"https:\/\/www.rezeau.org\/wp-garden\/fr\/le-mur-de-fougeres\/\">mur de foug\u00e8res<\/a> est en r\u00e9organisation, mais en attendant, les foug\u00e8res qui sont en pleine terre se portent tr\u00e8s bien. Voici par exemple le nouveau feuillage dor\u00e9 de la foug\u00e8re bonsai, aussi appel\u00e9e Autumn fern par les anglais \u00e0 cause de son feuillage de printemps qui \u00e9voque plut\u00f4t l&#8217;automne.<\/p>\n\n\n\n<figure class=\"wp-block-image size-full\"><img loading=\"lazy\" decoding=\"async\" width=\"800\" height=\"533\" src=\"https:\/\/www.rezeau.org\/wp-garden\/wp-content\/uploads\/L-IMGP0938.jpg\" alt=\"\" class=\"wp-image-25768\" srcset=\"https:\/\/www.rezeau.org\/wp-garden\/wp-content\/uploads\/L-IMGP0938.jpg 800w, https:\/\/www.rezeau.org\/wp-garden\/wp-content\/uploads\/L-IMGP0938-300x200.jpg 300w, https:\/\/www.rezeau.org\/wp-garden\/wp-content\/uploads\/L-IMGP0938-768x512.jpg 768w, https:\/\/www.rezeau.org\/wp-garden\/wp-content\/uploads\/L-IMGP0938-400x267.jpg 400w, https:\/\/www.rezeau.org\/wp-garden\/wp-content\/uploads\/L-IMGP0938-150x100.jpg 150w\" sizes=\"auto, (max-width: 800px) 100vw, 800px\" \/><figcaption class=\"wp-element-caption\"><em>Dryopteris erythrosora<\/em>\u00a0var.\u00a0<em>prolifica<\/em><\/figcaption><\/figure>\n","protected":false},"excerpt":{"rendered":"<p>La &#8220;fougeraie&#8221; du jardin de papi Jo a connu des fortunes vari\u00e9es, avec la disparition d&#8217;une dizaine d&#8217;esp\u00e8ces r\u00e9cemment. Le mur de foug\u00e8res est en r\u00e9organisation, mais en attendant, les foug\u00e8res qui sont en pleine terre se portent tr\u00e8s bien. Voici par exemple le nouveau feuillage dor\u00e9 de la foug\u00e8re&#8230;<\/p>\n<p class=\"continue-reading-button\"> <a class=\"continue-reading-link\" href=\"https:\/\/www.rezeau.org\/wp-garden\/fr\/fougere-bonsai-15-5-2025\/\">Continue reading<i class=\"crycon-right-dir\"><\/i><\/a><\/p>\n","protected":false},"author":2,"featured_media":25768,"comment_status":"closed","ping_status":"closed","sticky":false,"template":"","format":"standard","meta":{"_acf_changed":false,"footnotes":""},"categories":[677],"tags":[3395,3031,4141],"class_list":["post-25767","post","type-post","status-publish","format-standard","has-post-thumbnail","hentry","category-journal-du-jardin","tag-botanique","tag-fougeres","tag-photo-du-jour"],"acf":[],"_links":{"self":[{"href":"https:\/\/www.rezeau.org\/wp-garden\/wp-json\/wp\/v2\/posts\/25767","targetHints":{"allow":["GET"]}}],"collection":[{"href":"https:\/\/www.rezeau.org\/wp-garden\/wp-json\/wp\/v2\/posts"}],"about":[{"href":"https:\/\/www.rezeau.org\/wp-garden\/wp-json\/wp\/v2\/types\/post"}],"author":[{"embeddable":true,"href":"https:\/\/www.rezeau.org\/wp-garden\/wp-json\/wp\/v2\/users\/2"}],"replies":[{"embeddable":true,"href":"https:\/\/www.rezeau.org\/wp-garden\/wp-json\/wp\/v2\/comments?post=25767"}],"version-history":[{"count":2,"href":"https:\/\/www.rezeau.org\/wp-garden\/wp-json\/wp\/v2\/posts\/25767\/revisions"}],"predecessor-version":[{"id":25886,"href":"https:\/\/www.rezeau.org\/wp-garden\/wp-json\/wp\/v2\/posts\/25767\/revisions\/25886"}],"wp:featuredmedia":[{"embeddable":true,"href":"https:\/\/www.rezeau.org\/wp-garden\/wp-json\/wp\/v2\/media\/25768"}],"wp:attachment":[{"href":"https:\/\/www.rezeau.org\/wp-garden\/wp-json\/wp\/v2\/media?parent=25767"}],"wp:term":[{"taxonomy":"category","embeddable":true,"href":"https:\/\/www.rezeau.org\/wp-garden\/wp-json\/wp\/v2\/categories?post=25767"},{"taxonomy":"post_tag","embeddable":true,"href":"https:\/\/www.rezeau.org\/wp-garden\/wp-json\/wp\/v2\/tags?post=25767"}],"curies":[{"name":"wp","href":"https:\/\/api.w.org\/{rel}","templated":true}]}}