
{"id":25783,"date":"2025-05-16T16:33:47","date_gmt":"2025-05-16T14:33:47","guid":{"rendered":"https:\/\/www.rezeau.org\/wp-garden\/?p=25783"},"modified":"2025-05-21T22:50:51","modified_gmt":"2025-05-21T20:50:51","slug":"campanule-des-murs-16-5-2025","status":"publish","type":"post","link":"https:\/\/www.rezeau.org\/wp-garden\/fr\/campanule-des-murs-16-5-2025\/","title":{"rendered":"Campanule des murs"},"content":{"rendered":"\n<p>En ce moment les vieux murets de la commune sont d\u00e9cor\u00e9s d&#8217;une multitude de campanules des murs. A l&#8217;instar de bien d&#8217;autres plantes, ces campanules n&#8217;ont pas \u00e9t\u00e9 plant\u00e9es, mais elles sont arriv\u00e9es sous forme de graines, apport\u00e9es par le vent ou les oiseaux. Impossible d&#8217;en pr\u00e9lever un sp\u00e9cimen pour l&#8217;acclimater sur un autre muret&#8230; Papi Jo a voulu relever le d\u00e9fi, et a donc achet\u00e9 un godet de cette campanule \u00e0 la jardinerie, et l&#8217;a mis en place dans un joli trou du vieux mur de son abri de jardin. Il va observer attentivement l&#8217;\u00e9volution de cette exp\u00e9rience.<\/p>\n\n\n\n<figure class=\"wp-block-gallery has-nested-images columns-default is-cropped wp-block-gallery-1 is-layout-flex wp-block-gallery-is-layout-flex\">\n<figure class=\"wp-block-image size-large\"><a href=\"https:\/\/www.rezeau.org\/wp-garden\/wp-content\/uploads\/L-IMGP1038.jpg\" rel=\"lightbox[25783]\"><img loading=\"lazy\" decoding=\"async\" width=\"533\" height=\"800\" data-id=\"25782\" src=\"https:\/\/www.rezeau.org\/wp-garden\/wp-content\/uploads\/L-IMGP1038.jpg\" alt=\"\" class=\"wp-image-25782\" srcset=\"https:\/\/www.rezeau.org\/wp-garden\/wp-content\/uploads\/L-IMGP1038.jpg 533w, https:\/\/www.rezeau.org\/wp-garden\/wp-content\/uploads\/L-IMGP1038-200x300.jpg 200w, https:\/\/www.rezeau.org\/wp-garden\/wp-content\/uploads\/L-IMGP1038-400x600.jpg 400w, https:\/\/www.rezeau.org\/wp-garden\/wp-content\/uploads\/L-IMGP1038-100x150.jpg 100w\" sizes=\"auto, (max-width: 533px) 100vw, 533px\" \/><\/a><figcaption class=\"wp-element-caption\">En bas de l&#8217;\u00e9glise<\/figcaption><\/figure>\n\n\n\n<figure class=\"wp-block-image size-large\"><a href=\"https:\/\/www.rezeau.org\/wp-garden\/wp-content\/uploads\/L-IMGP1037.jpg\" rel=\"lightbox[25783]\"><img loading=\"lazy\" decoding=\"async\" width=\"800\" height=\"533\" data-id=\"25781\" src=\"https:\/\/www.rezeau.org\/wp-garden\/wp-content\/uploads\/L-IMGP1037.jpg\" alt=\"\" class=\"wp-image-25781\" srcset=\"https:\/\/www.rezeau.org\/wp-garden\/wp-content\/uploads\/L-IMGP1037.jpg 800w, https:\/\/www.rezeau.org\/wp-garden\/wp-content\/uploads\/L-IMGP1037-300x200.jpg 300w, https:\/\/www.rezeau.org\/wp-garden\/wp-content\/uploads\/L-IMGP1037-768x512.jpg 768w, https:\/\/www.rezeau.org\/wp-garden\/wp-content\/uploads\/L-IMGP1037-400x267.jpg 400w, https:\/\/www.rezeau.org\/wp-garden\/wp-content\/uploads\/L-IMGP1037-150x100.jpg 150w\" sizes=\"auto, (max-width: 800px) 100vw, 800px\" \/><\/a><figcaption class=\"wp-element-caption\">Vieux muret en bas de l&#8217;\u00e9glise<\/figcaption><\/figure>\n\n\n\n<figure class=\"wp-block-image size-large\"><a href=\"https:\/\/www.rezeau.org\/wp-garden\/wp-content\/uploads\/L-IMGP1032.jpg\" rel=\"lightbox[25783]\"><img loading=\"lazy\" decoding=\"async\" width=\"533\" height=\"800\" data-id=\"25780\" src=\"https:\/\/www.rezeau.org\/wp-garden\/wp-content\/uploads\/L-IMGP1032.jpg\" alt=\"\" class=\"wp-image-25780\" srcset=\"https:\/\/www.rezeau.org\/wp-garden\/wp-content\/uploads\/L-IMGP1032.jpg 533w, https:\/\/www.rezeau.org\/wp-garden\/wp-content\/uploads\/L-IMGP1032-200x300.jpg 200w, https:\/\/www.rezeau.org\/wp-garden\/wp-content\/uploads\/L-IMGP1032-400x600.jpg 400w, https:\/\/www.rezeau.org\/wp-garden\/wp-content\/uploads\/L-IMGP1032-100x150.jpg 100w\" sizes=\"auto, (max-width: 533px) 100vw, 533px\" \/><\/a><figcaption class=\"wp-element-caption\">Sur vieux mur de l&#8217;abri de jardin<\/figcaption><\/figure>\n\n\n\n<figure class=\"wp-block-image size-large\"><a href=\"https:\/\/www.rezeau.org\/wp-garden\/wp-content\/uploads\/L-IMGP1031.jpg\" rel=\"lightbox[25783]\"><img loading=\"lazy\" decoding=\"async\" width=\"800\" height=\"533\" data-id=\"25779\" src=\"https:\/\/www.rezeau.org\/wp-garden\/wp-content\/uploads\/L-IMGP1031.jpg\" alt=\"\" class=\"wp-image-25779\" srcset=\"https:\/\/www.rezeau.org\/wp-garden\/wp-content\/uploads\/L-IMGP1031.jpg 800w, https:\/\/www.rezeau.org\/wp-garden\/wp-content\/uploads\/L-IMGP1031-300x200.jpg 300w, https:\/\/www.rezeau.org\/wp-garden\/wp-content\/uploads\/L-IMGP1031-768x512.jpg 768w, https:\/\/www.rezeau.org\/wp-garden\/wp-content\/uploads\/L-IMGP1031-400x267.jpg 400w, https:\/\/www.rezeau.org\/wp-garden\/wp-content\/uploads\/L-IMGP1031-150x100.jpg 150w\" sizes=\"auto, (max-width: 800px) 100vw, 800px\" \/><\/a><figcaption class=\"wp-element-caption\">Sur vieux mur de l&#8217;abri de jardin, d\u00e9tail<\/figcaption><\/figure>\n<\/figure>\n","protected":false},"excerpt":{"rendered":"<p>En ce moment les vieux murets de la commune sont d\u00e9cor\u00e9s d&#8217;une multitude de campanules des murs.<\/p>\n<p class=\"continue-reading-button\"> <a class=\"continue-reading-link\" href=\"https:\/\/www.rezeau.org\/wp-garden\/fr\/campanule-des-murs-16-5-2025\/\">Continue reading<i class=\"crycon-right-dir\"><\/i><\/a><\/p>\n","protected":false},"author":2,"featured_media":25781,"comment_status":"closed","ping_status":"closed","sticky":false,"template":"","format":"standard","meta":{"_acf_changed":false,"footnotes":""},"categories":[677],"tags":[3208,2487,4141,641],"class_list":["post-25783","post","type-post","status-publish","format-standard","has-post-thumbnail","hentry","category-journal-du-jardin","tag-floraisons","tag-insolite","tag-photo-du-jour","tag-plantations"],"acf":[],"_links":{"self":[{"href":"https:\/\/www.rezeau.org\/wp-garden\/wp-json\/wp\/v2\/posts\/25783","targetHints":{"allow":["GET"]}}],"collection":[{"href":"https:\/\/www.rezeau.org\/wp-garden\/wp-json\/wp\/v2\/posts"}],"about":[{"href":"https:\/\/www.rezeau.org\/wp-garden\/wp-json\/wp\/v2\/types\/post"}],"author":[{"embeddable":true,"href":"https:\/\/www.rezeau.org\/wp-garden\/wp-json\/wp\/v2\/users\/2"}],"replies":[{"embeddable":true,"href":"https:\/\/www.rezeau.org\/wp-garden\/wp-json\/wp\/v2\/comments?post=25783"}],"version-history":[{"count":3,"href":"https:\/\/www.rezeau.org\/wp-garden\/wp-json\/wp\/v2\/posts\/25783\/revisions"}],"predecessor-version":[{"id":25884,"href":"https:\/\/www.rezeau.org\/wp-garden\/wp-json\/wp\/v2\/posts\/25783\/revisions\/25884"}],"wp:featuredmedia":[{"embeddable":true,"href":"https:\/\/www.rezeau.org\/wp-garden\/wp-json\/wp\/v2\/media\/25781"}],"wp:attachment":[{"href":"https:\/\/www.rezeau.org\/wp-garden\/wp-json\/wp\/v2\/media?parent=25783"}],"wp:term":[{"taxonomy":"category","embeddable":true,"href":"https:\/\/www.rezeau.org\/wp-garden\/wp-json\/wp\/v2\/categories?post=25783"},{"taxonomy":"post_tag","embeddable":true,"href":"https:\/\/www.rezeau.org\/wp-garden\/wp-json\/wp\/v2\/tags?post=25783"}],"curies":[{"name":"wp","href":"https:\/\/api.w.org\/{rel}","templated":true}]}}