
{"id":25830,"date":"2025-05-18T15:48:34","date_gmt":"2025-05-18T13:48:34","guid":{"rendered":"https:\/\/www.rezeau.org\/wp-garden\/?p=25830"},"modified":"2025-05-21T22:50:42","modified_gmt":"2025-05-21T20:50:42","slug":"oiseaux-du-jour-18-5-2025","status":"publish","type":"post","link":"https:\/\/www.rezeau.org\/wp-garden\/fr\/oiseaux-du-jour-18-5-2025\/","title":{"rendered":"Oiseaux du jour"},"content":{"rendered":"\n<p>Petite liste des oiseaux entendus dans le jardin par Merlin Bird Identification. La fauvette \u00e0 t\u00eate noire a un chant tr\u00e8s m\u00e9lodieux, mais c&#8217;est un oiseau discret que je n&#8217;ai encore jamais vu. Rep\u00e9r\u00e9 par Merlin dans la campagne au bord de la rivi\u00e8re, mais c&#8217;est la toute premi\u00e8re fois qu&#8217;il est rep\u00e9r\u00e9 dans le jardin (ou dans les jardins voisins).<\/p>\n\n\n\n<figure class=\"wp-block-image size-full\"><img loading=\"lazy\" decoding=\"async\" width=\"270\" height=\"488\" src=\"https:\/\/www.rezeau.org\/wp-garden\/wp-content\/uploads\/Merlin-Bird-ID.jpg\" alt=\"\" class=\"wp-image-25831\" srcset=\"https:\/\/www.rezeau.org\/wp-garden\/wp-content\/uploads\/Merlin-Bird-ID.jpg 270w, https:\/\/www.rezeau.org\/wp-garden\/wp-content\/uploads\/Merlin-Bird-ID-166x300.jpg 166w, https:\/\/www.rezeau.org\/wp-garden\/wp-content\/uploads\/Merlin-Bird-ID-83x150.jpg 83w\" sizes=\"auto, (max-width: 270px) 100vw, 270px\" \/><\/figure>\n\n\n\n<div style=\"height:14px\" aria-hidden=\"true\" class=\"wp-block-spacer\"><\/div>\n\n\n\n<figure data-wp-context=\"{&quot;imageId&quot;:&quot;69f472a7cb56b&quot;}\" data-wp-interactive=\"core\/image\" data-wp-key=\"69f472a7cb56b\" class=\"wp-block-image size-large is-resized wp-lightbox-container\"><img decoding=\"async\" data-wp-class--hide=\"state.isContentHidden\" data-wp-class--show=\"state.isContentVisible\" data-wp-init=\"callbacks.setButtonStyles\" data-wp-on--click=\"actions.showLightbox\" data-wp-on--load=\"callbacks.setButtonStyles\" data-wp-on-window--resize=\"callbacks.setButtonStyles\" src=\"https:\/\/www.oiseaux.net\/photos\/jules.fouarge\/images\/fauvette.a.tete.noire.jufo.56g.jpg\" alt=\"\" style=\"width:459px;height:auto\"\/><button\n\t\t\tclass=\"lightbox-trigger\"\n\t\t\ttype=\"button\"\n\t\t\taria-haspopup=\"dialog\"\n\t\t\taria-label=\"Enlarge\"\n\t\t\tdata-wp-init=\"callbacks.initTriggerButton\"\n\t\t\tdata-wp-on--click=\"actions.showLightbox\"\n\t\t\tdata-wp-style--right=\"state.imageButtonRight\"\n\t\t\tdata-wp-style--top=\"state.imageButtonTop\"\n\t\t>\n\t\t\t<svg xmlns=\"http:\/\/www.w3.org\/2000\/svg\" width=\"12\" height=\"12\" fill=\"none\" viewBox=\"0 0 12 12\">\n\t\t\t\t<path fill=\"#fff\" d=\"M2 0a2 2 0 0 0-2 2v2h1.5V2a.5.5 0 0 1 .5-.5h2V0H2Zm2 10.5H2a.5.5 0 0 1-.5-.5V8H0v2a2 2 0 0 0 2 2h2v-1.5ZM8 12v-1.5h2a.5.5 0 0 0 .5-.5V8H12v2a2 2 0 0 1-2 2H8Zm2-12a2 2 0 0 1 2 2v2h-1.5V2a.5.5 0 0 0-.5-.5H8V0h2Z\" \/>\n\t\t\t<\/svg>\n\t\t<\/button><figcaption class=\"wp-element-caption\">Fauvette \u00e0 t\u00eate noire &#8211; <em>Sylvia atricapilla<\/em><\/figcaption><\/figure>\n","protected":false},"excerpt":{"rendered":"<p>La fauvette \u00e0 t\u00eate noire a un chant tr\u00e8s m\u00e9lodieux, mais c&#8217;est un oiseau discret que je n&#8217;ai encore jamais vu.<\/p>\n<p class=\"continue-reading-button\"> <a class=\"continue-reading-link\" href=\"https:\/\/www.rezeau.org\/wp-garden\/fr\/oiseaux-du-jour-18-5-2025\/\">Continue reading<i class=\"crycon-right-dir\"><\/i><\/a><\/p>\n","protected":false},"author":2,"featured_media":25832,"comment_status":"closed","ping_status":"closed","sticky":false,"template":"","format":"standard","meta":{"_acf_changed":false,"footnotes":""},"categories":[677],"tags":[1258,4141],"class_list":["post-25830","post","type-post","status-publish","format-standard","has-post-thumbnail","hentry","category-journal-du-jardin","tag-oiseaux","tag-photo-du-jour"],"acf":[],"_links":{"self":[{"href":"https:\/\/www.rezeau.org\/wp-garden\/wp-json\/wp\/v2\/posts\/25830","targetHints":{"allow":["GET"]}}],"collection":[{"href":"https:\/\/www.rezeau.org\/wp-garden\/wp-json\/wp\/v2\/posts"}],"about":[{"href":"https:\/\/www.rezeau.org\/wp-garden\/wp-json\/wp\/v2\/types\/post"}],"author":[{"embeddable":true,"href":"https:\/\/www.rezeau.org\/wp-garden\/wp-json\/wp\/v2\/users\/2"}],"replies":[{"embeddable":true,"href":"https:\/\/www.rezeau.org\/wp-garden\/wp-json\/wp\/v2\/comments?post=25830"}],"version-history":[{"count":3,"href":"https:\/\/www.rezeau.org\/wp-garden\/wp-json\/wp\/v2\/posts\/25830\/revisions"}],"predecessor-version":[{"id":25883,"href":"https:\/\/www.rezeau.org\/wp-garden\/wp-json\/wp\/v2\/posts\/25830\/revisions\/25883"}],"wp:featuredmedia":[{"embeddable":true,"href":"https:\/\/www.rezeau.org\/wp-garden\/wp-json\/wp\/v2\/media\/25832"}],"wp:attachment":[{"href":"https:\/\/www.rezeau.org\/wp-garden\/wp-json\/wp\/v2\/media?parent=25830"}],"wp:term":[{"taxonomy":"category","embeddable":true,"href":"https:\/\/www.rezeau.org\/wp-garden\/wp-json\/wp\/v2\/categories?post=25830"},{"taxonomy":"post_tag","embeddable":true,"href":"https:\/\/www.rezeau.org\/wp-garden\/wp-json\/wp\/v2\/tags?post=25830"}],"curies":[{"name":"wp","href":"https:\/\/api.w.org\/{rel}","templated":true}]}}