
{"id":26270,"date":"2025-06-29T16:55:49","date_gmt":"2025-06-29T14:55:49","guid":{"rendered":"https:\/\/www.rezeau.org\/wp-garden\/?p=26270"},"modified":"2025-06-29T16:57:59","modified_gmt":"2025-06-29T14:57:59","slug":"dort-le-jour-vole-la-nuit","status":"publish","type":"post","link":"https:\/\/www.rezeau.org\/wp-garden\/fr\/dort-le-jour-vole-la-nuit\/","title":{"rendered":"&#8220;Dort le jour, vole la nuit&#8221;"},"content":{"rendered":"\n<p>Pas d&#8217;interpr\u00e9tation tendancieuse du titre de ce post ! Il ne s&#8217;agit pas de voler comme un voleur, mais bien de voler comme un oiseau, un papillon ou une chauve-souris<sup>(*)<\/sup>. Les papillons de nuit, appel\u00e9s autrefois &#8220;h\u00e9t\u00e9roc\u00e8res&#8221; comptent bien davantage d&#8217;esp\u00e8ces que les papillons dits &#8220;de jour&#8221; ou &#8220;rhopaloc\u00e8res&#8221;. Mais en raison de leur activit\u00e9 nocturne, ils passent inaper\u00e7us et ne sont pas faciles \u00e0 identifier. Gr\u00e2ce \u00e0 l&#8217;aide fournie par l\u2019excellent site <a href=\"https:\/\/www.insecte.org\/\">insectes.org<\/a>, ce papillon trouv\u00e9 dans le jardin de papi Jo a pu \u00eatre quasiment identifi\u00e9.<\/p>\n\n\n\n<figure data-wp-context=\"{&quot;imageId&quot;:&quot;69f1f22317bb8&quot;}\" data-wp-interactive=\"core\/image\" data-wp-key=\"69f1f22317bb8\" class=\"wp-block-image size-full wp-lightbox-container\"><img loading=\"lazy\" decoding=\"async\" width=\"1024\" height=\"683\" data-wp-class--hide=\"state.isContentHidden\" data-wp-class--show=\"state.isContentVisible\" data-wp-init=\"callbacks.setButtonStyles\" data-wp-on--click=\"actions.showLightbox\" data-wp-on--load=\"callbacks.setButtonStyles\" data-wp-on-window--resize=\"callbacks.setButtonStyles\" src=\"https:\/\/www.rezeau.org\/wp-garden\/wp-content\/uploads\/27-06-2025-2.jpg\" alt=\"\" class=\"wp-image-26266\" srcset=\"https:\/\/www.rezeau.org\/wp-garden\/wp-content\/uploads\/27-06-2025-2.jpg 1024w, https:\/\/www.rezeau.org\/wp-garden\/wp-content\/uploads\/27-06-2025-2-300x200.jpg 300w, https:\/\/www.rezeau.org\/wp-garden\/wp-content\/uploads\/27-06-2025-2-768x512.jpg 768w, https:\/\/www.rezeau.org\/wp-garden\/wp-content\/uploads\/27-06-2025-2-400x267.jpg 400w, https:\/\/www.rezeau.org\/wp-garden\/wp-content\/uploads\/27-06-2025-2-150x100.jpg 150w\" sizes=\"auto, (max-width: 1024px) 100vw, 1024px\" \/><button\n\t\t\tclass=\"lightbox-trigger\"\n\t\t\ttype=\"button\"\n\t\t\taria-haspopup=\"dialog\"\n\t\t\taria-label=\"Enlarge\"\n\t\t\tdata-wp-init=\"callbacks.initTriggerButton\"\n\t\t\tdata-wp-on--click=\"actions.showLightbox\"\n\t\t\tdata-wp-style--right=\"state.imageButtonRight\"\n\t\t\tdata-wp-style--top=\"state.imageButtonTop\"\n\t\t>\n\t\t\t<svg xmlns=\"http:\/\/www.w3.org\/2000\/svg\" width=\"12\" height=\"12\" fill=\"none\" viewBox=\"0 0 12 12\">\n\t\t\t\t<path fill=\"#fff\" d=\"M2 0a2 2 0 0 0-2 2v2h1.5V2a.5.5 0 0 1 .5-.5h2V0H2Zm2 10.5H2a.5.5 0 0 1-.5-.5V8H0v2a2 2 0 0 0 2 2h2v-1.5ZM8 12v-1.5h2a.5.5 0 0 0 .5-.5V8H12v2a2 2 0 0 1-2 2H8Zm2-12a2 2 0 0 1 2 2v2h-1.5V2a.5.5 0 0 0-.5-.5H8V0h2Z\" \/>\n\t\t\t<\/svg>\n\t\t<\/button><figcaption class=\"wp-element-caption\"><em>Eilema lurideola<\/em> &#8211; Lithosie complanule ou Lithosie plomb\u00e9e<\/figcaption><\/figure>\n\n\n\n<div style=\"height:33px\" aria-hidden=\"true\" class=\"wp-block-spacer\"><\/div>\n\n\n\n<div class=\"wp-block-buttons is-layout-flex wp-block-buttons-is-layout-flex\">\n<div class=\"wp-block-button\"><a class=\"wp-block-button__link wp-element-button\" href=\"https:\/\/fr.wikipedia.org\/wiki\/Eilema_lurideola\">article Wikipedia<\/a><\/div>\n\n\n\n<div class=\"wp-block-button\"><a class=\"wp-block-button__link wp-element-button\" href=\"https:\/\/www.galerie-insecte.org\/galerie\/wikige.php?tax=Eilema%20lurideola\">insecte.org (galerie)<\/a><\/div>\n<\/div>\n\n\n\n<div style=\"height:30px\" aria-hidden=\"true\" class=\"wp-block-spacer\"><\/div>\n\n\n\n<p class=\"footnote\">(*) C&#8217;est quoi, une chauve-souris qui porte une perruque? Une souris.<\/p>\n","protected":false},"excerpt":{"rendered":"<p>Pas d&#8217;interpr\u00e9tation tendancieuse du titre de ce post !<\/p>\n<p class=\"continue-reading-button\"> <a class=\"continue-reading-link\" href=\"https:\/\/www.rezeau.org\/wp-garden\/fr\/dort-le-jour-vole-la-nuit\/\">Continue reading<i class=\"crycon-right-dir\"><\/i><\/a><\/p>\n","protected":false},"author":2,"featured_media":26266,"comment_status":"closed","ping_status":"closed","sticky":false,"template":"","format":"standard","meta":{"_acf_changed":false,"footnotes":""},"categories":[677],"tags":[2330,2487],"class_list":["post-26270","post","type-post","status-publish","format-standard","has-post-thumbnail","hentry","category-journal-du-jardin","tag-insectes","tag-insolite"],"acf":[],"_links":{"self":[{"href":"https:\/\/www.rezeau.org\/wp-garden\/wp-json\/wp\/v2\/posts\/26270","targetHints":{"allow":["GET"]}}],"collection":[{"href":"https:\/\/www.rezeau.org\/wp-garden\/wp-json\/wp\/v2\/posts"}],"about":[{"href":"https:\/\/www.rezeau.org\/wp-garden\/wp-json\/wp\/v2\/types\/post"}],"author":[{"embeddable":true,"href":"https:\/\/www.rezeau.org\/wp-garden\/wp-json\/wp\/v2\/users\/2"}],"replies":[{"embeddable":true,"href":"https:\/\/www.rezeau.org\/wp-garden\/wp-json\/wp\/v2\/comments?post=26270"}],"version-history":[{"count":2,"href":"https:\/\/www.rezeau.org\/wp-garden\/wp-json\/wp\/v2\/posts\/26270\/revisions"}],"predecessor-version":[{"id":26274,"href":"https:\/\/www.rezeau.org\/wp-garden\/wp-json\/wp\/v2\/posts\/26270\/revisions\/26274"}],"wp:featuredmedia":[{"embeddable":true,"href":"https:\/\/www.rezeau.org\/wp-garden\/wp-json\/wp\/v2\/media\/26266"}],"wp:attachment":[{"href":"https:\/\/www.rezeau.org\/wp-garden\/wp-json\/wp\/v2\/media?parent=26270"}],"wp:term":[{"taxonomy":"category","embeddable":true,"href":"https:\/\/www.rezeau.org\/wp-garden\/wp-json\/wp\/v2\/categories?post=26270"},{"taxonomy":"post_tag","embeddable":true,"href":"https:\/\/www.rezeau.org\/wp-garden\/wp-json\/wp\/v2\/tags?post=26270"}],"curies":[{"name":"wp","href":"https:\/\/api.w.org\/{rel}","templated":true}]}}