
{"id":26283,"date":"2025-07-04T12:23:02","date_gmt":"2025-07-04T10:23:02","guid":{"rendered":"https:\/\/www.rezeau.org\/wp-garden\/?p=26283"},"modified":"2025-07-04T12:33:03","modified_gmt":"2025-07-04T10:33:03","slug":"visite-dune-collection-botanique","status":"publish","type":"post","link":"https:\/\/www.rezeau.org\/wp-garden\/fr\/visite-dune-collection-botanique\/","title":{"rendered":"Visite de collections botanique et zoologique"},"content":{"rendered":"\n<p>Pas de post depuis 3 jours ; le jardinier serait-il abattu par la canicule ? Pas tout \u00e0 fait, mais papi Jo avait provisoirement quitt\u00e9 la Bretagne pour un bref s\u00e9jour dans la capitale, o\u00f9 il a failli crever de chaleur.\ud83e\udd2cPetite consolation : il a pu visiter les collections v\u00e9g\u00e9tale et zoologiques de Sorbonne Universit\u00e9, sur le campus de Jussieu<sup>(1)<\/sup>. Deux visites passionnantes, guid\u00e9es par deux personnes passionn\u00e9es : Madame Ewa Watroba pour la botanique et Monsieur Santiago Aragon pour la zoologie, que je remercie chaleureusement.<\/p>\n\n\n\n<figure class=\"wp-block-gallery has-nested-images columns-default is-cropped wp-block-gallery-1 is-layout-flex wp-block-gallery-is-layout-flex\">\n<figure class=\"wp-block-image size-large\"><a href=\"https:\/\/www.rezeau.org\/wp-garden\/wp-content\/uploads\/20250702_162844.jpg\" rel=\"lightbox[26283]\"><img loading=\"lazy\" decoding=\"async\" width=\"450\" height=\"800\" data-id=\"26282\" src=\"https:\/\/www.rezeau.org\/wp-garden\/wp-content\/uploads\/20250702_162844.jpg\" alt=\"\" class=\"wp-image-26282\" srcset=\"https:\/\/www.rezeau.org\/wp-garden\/wp-content\/uploads\/20250702_162844.jpg 450w, https:\/\/www.rezeau.org\/wp-garden\/wp-content\/uploads\/20250702_162844-169x300.jpg 169w, https:\/\/www.rezeau.org\/wp-garden\/wp-content\/uploads\/20250702_162844-400x711.jpg 400w, https:\/\/www.rezeau.org\/wp-garden\/wp-content\/uploads\/20250702_162844-84x150.jpg 84w\" sizes=\"auto, (max-width: 450px) 100vw, 450px\" \/><\/a><figcaption class=\"wp-element-caption\">Vitrine des &#8220;champignons &#8211; trouvez les intrus !<\/figcaption><\/figure>\n\n\n\n<figure class=\"wp-block-image size-large\"><a href=\"https:\/\/www.rezeau.org\/wp-garden\/wp-content\/uploads\/20250702_162448.jpg\" rel=\"lightbox[26283]\"><img loading=\"lazy\" decoding=\"async\" width=\"533\" height=\"800\" data-id=\"26281\" src=\"https:\/\/www.rezeau.org\/wp-garden\/wp-content\/uploads\/20250702_162448.jpg\" alt=\"\" class=\"wp-image-26281\" srcset=\"https:\/\/www.rezeau.org\/wp-garden\/wp-content\/uploads\/20250702_162448.jpg 533w, https:\/\/www.rezeau.org\/wp-garden\/wp-content\/uploads\/20250702_162448-200x300.jpg 200w, https:\/\/www.rezeau.org\/wp-garden\/wp-content\/uploads\/20250702_162448-400x600.jpg 400w, https:\/\/www.rezeau.org\/wp-garden\/wp-content\/uploads\/20250702_162448-100x150.jpg 100w\" sizes=\"auto, (max-width: 533px) 100vw, 533px\" \/><\/a><figcaption class=\"wp-element-caption\"><em>Saxifraga longifolia<\/em><br>environ 1856.<\/figcaption><\/figure>\n\n\n\n<figure class=\"wp-block-image size-large\"><a href=\"https:\/\/www.rezeau.org\/wp-garden\/wp-content\/uploads\/20250702_162443.jpg\" rel=\"lightbox[26283]\"><img loading=\"lazy\" decoding=\"async\" width=\"533\" height=\"800\" data-id=\"26280\" src=\"https:\/\/www.rezeau.org\/wp-garden\/wp-content\/uploads\/20250702_162443.jpg\" alt=\"\" class=\"wp-image-26280\" srcset=\"https:\/\/www.rezeau.org\/wp-garden\/wp-content\/uploads\/20250702_162443.jpg 533w, https:\/\/www.rezeau.org\/wp-garden\/wp-content\/uploads\/20250702_162443-200x300.jpg 200w, https:\/\/www.rezeau.org\/wp-garden\/wp-content\/uploads\/20250702_162443-400x600.jpg 400w, https:\/\/www.rezeau.org\/wp-garden\/wp-content\/uploads\/20250702_162443-100x150.jpg 100w\" sizes=\"auto, (max-width: 533px) 100vw, 533px\" \/><\/a><figcaption class=\"wp-element-caption\"><em>Saxifraga longifolia<\/em> &#8211; 15\/6\/1856.<\/figcaption><\/figure>\n<figcaption class=\"blocks-gallery-caption wp-element-caption\">Photos prises pendant la visite de la collection v\u00e9g\u00e9tale.<\/figcaption><\/figure>\n\n\n\n<div style=\"height:23px\" aria-hidden=\"true\" class=\"wp-block-spacer\"><\/div>\n\n\n\n<p class=\"footnote\">(1) Ces deux collections \u00e0 vocation p\u00e9dagogique sont utilis\u00e9es pour les enseignements, et sont visitables par le grand public \u00e0 certains moments de l&#8217;ann\u00e9e.<\/p>\n\n\n\n<div class=\"wp-block-buttons is-layout-flex wp-block-buttons-is-layout-flex\">\n<div class=\"wp-block-button\"><a class=\"wp-block-button__link wp-element-button\">Prochaine visite des collections : le 20 septembre 2025<\/a><\/div>\n<\/div>\n\n\n\n<p><\/p>\n","protected":false},"excerpt":{"rendered":"<p>Pas de post depuis 3 jours ; le jardinier serait-il abattu par la canicule ?<\/p>\n<p class=\"continue-reading-button\"> <a class=\"continue-reading-link\" href=\"https:\/\/www.rezeau.org\/wp-garden\/fr\/visite-dune-collection-botanique\/\">Continue reading<i class=\"crycon-right-dir\"><\/i><\/a><\/p>\n","protected":false},"author":2,"featured_media":26287,"comment_status":"closed","ping_status":"closed","sticky":false,"template":"","format":"standard","meta":{"_acf_changed":false,"footnotes":""},"categories":[677],"tags":[],"class_list":["post-26283","post","type-post","status-publish","format-standard","has-post-thumbnail","hentry","category-journal-du-jardin"],"acf":[],"_links":{"self":[{"href":"https:\/\/www.rezeau.org\/wp-garden\/wp-json\/wp\/v2\/posts\/26283","targetHints":{"allow":["GET"]}}],"collection":[{"href":"https:\/\/www.rezeau.org\/wp-garden\/wp-json\/wp\/v2\/posts"}],"about":[{"href":"https:\/\/www.rezeau.org\/wp-garden\/wp-json\/wp\/v2\/types\/post"}],"author":[{"embeddable":true,"href":"https:\/\/www.rezeau.org\/wp-garden\/wp-json\/wp\/v2\/users\/2"}],"replies":[{"embeddable":true,"href":"https:\/\/www.rezeau.org\/wp-garden\/wp-json\/wp\/v2\/comments?post=26283"}],"version-history":[{"count":2,"href":"https:\/\/www.rezeau.org\/wp-garden\/wp-json\/wp\/v2\/posts\/26283\/revisions"}],"predecessor-version":[{"id":26293,"href":"https:\/\/www.rezeau.org\/wp-garden\/wp-json\/wp\/v2\/posts\/26283\/revisions\/26293"}],"wp:featuredmedia":[{"embeddable":true,"href":"https:\/\/www.rezeau.org\/wp-garden\/wp-json\/wp\/v2\/media\/26287"}],"wp:attachment":[{"href":"https:\/\/www.rezeau.org\/wp-garden\/wp-json\/wp\/v2\/media?parent=26283"}],"wp:term":[{"taxonomy":"category","embeddable":true,"href":"https:\/\/www.rezeau.org\/wp-garden\/wp-json\/wp\/v2\/categories?post=26283"},{"taxonomy":"post_tag","embeddable":true,"href":"https:\/\/www.rezeau.org\/wp-garden\/wp-json\/wp\/v2\/tags?post=26283"}],"curies":[{"name":"wp","href":"https:\/\/api.w.org\/{rel}","templated":true}]}}