
{"id":26294,"date":"2025-07-05T22:40:35","date_gmt":"2025-07-05T20:40:35","guid":{"rendered":"https:\/\/www.rezeau.org\/wp-garden\/?p=26294"},"modified":"2025-07-05T22:40:36","modified_gmt":"2025-07-05T20:40:36","slug":"les-schtroumps-sont-ils-des-champignons","status":"publish","type":"post","link":"https:\/\/www.rezeau.org\/wp-garden\/fr\/les-schtroumps-sont-ils-des-champignons\/","title":{"rendered":"Les Schtroumps sont-ils des champignons\u00a0?"},"content":{"rendered":"<div class=\"wp-block-image\">\n<figure class=\"alignleft size-full\"><img loading=\"lazy\" decoding=\"async\" width=\"450\" height=\"800\" src=\"https:\/\/www.rezeau.org\/wp-garden\/wp-content\/uploads\/schtroumpfs.jpg\" alt=\"\" class=\"wp-image-26295\" srcset=\"https:\/\/www.rezeau.org\/wp-garden\/wp-content\/uploads\/schtroumpfs.jpg 450w, https:\/\/www.rezeau.org\/wp-garden\/wp-content\/uploads\/schtroumpfs-169x300.jpg 169w, https:\/\/www.rezeau.org\/wp-garden\/wp-content\/uploads\/schtroumpfs-400x711.jpg 400w, https:\/\/www.rezeau.org\/wp-garden\/wp-content\/uploads\/schtroumpfs-84x150.jpg 84w\" sizes=\"auto, (max-width: 450px) 100vw, 450px\" \/><figcaption class=\"wp-element-caption\">Les intrus : 4 Schtroumpfs et le photographe (papi Jo)<\/figcaption><\/figure>\n<\/div>\n\n\n<p>Et voici les 5 intrus qui se sont gliss\u00e9s dans la vitrine des champignons photographi\u00e9e lors de la visite de la collection botanique de Sorbonne Universit\u00e9, dans le post publi\u00e9 hier. J&#8217;ai pos\u00e9 la question du titre de ce post \u00e0 ChatGPT, voir sa r\u00e9ponse ci-dessous.<\/p>\n\n\n\n<div style=\"height:32px\" aria-hidden=\"true\" class=\"wp-block-spacer\"><\/div>\n\n\n\n<blockquote class=\"wp-block-quote is-layout-flow wp-block-quote-is-layout-flow\">\n<p>Non, les Schtroumpfs ne sont <strong>pas<\/strong> des champignons, m\u00eame s\u2019ils vivent dans des maisons en forme de champignons et ont un lien visuel \u00e9vident avec eux.<\/p>\n\n\n\n<h3 class=\"wp-block-heading\">D\u00e9tails :<\/h3>\n\n\n\n<ul class=\"wp-block-list\">\n<li><strong>Origine<\/strong> : Les Schtroumpfs sont des personnages fictifs cr\u00e9\u00e9s par le dessinateur belge <strong>Peyo<\/strong> (Pierre Culliford) en 1958. Ce sont des petites cr\u00e9atures humano\u00efdes bleues.<\/li>\n\n\n\n<li><strong>Aspect champignon<\/strong> : Leur habitat \u2014 des maisons en forme de champignon \u2014 peut pr\u00eater \u00e0 confusion, mais c\u2019est un choix esth\u00e9tique et symbolique. Cela \u00e9voque un monde f\u00e9erique, miniature et naturel.<\/li>\n\n\n\n<li><strong>Biologie (fictionnelle)<\/strong> : Dans l\u2019univers de Peyo, les Schtroumpfs ne sont jamais d\u00e9crits comme \u00e9tant des champignons ni comme issus de champignons. Ce sont des \u00eatres magiques \u00e0 part enti\u00e8re, avec leur propre biologie (tr\u00e8s floue et soumise \u00e0 la fantaisie).<\/li>\n<\/ul>\n\n\n\n<p><\/p>\n<\/blockquote>\n\n\n\n<p><\/p>\n","protected":false},"excerpt":{"rendered":"<p>Et voici les 5 intrus qui se sont gliss\u00e9s dans la vitrine des champignons&#8230;<\/p>\n<p class=\"continue-reading-button\"> <a class=\"continue-reading-link\" href=\"https:\/\/www.rezeau.org\/wp-garden\/fr\/les-schtroumps-sont-ils-des-champignons\/\">Continue reading<i class=\"crycon-right-dir\"><\/i><\/a><\/p>\n","protected":false},"author":2,"featured_media":26298,"comment_status":"closed","ping_status":"closed","sticky":false,"template":"","format":"standard","meta":{"_acf_changed":false,"footnotes":""},"categories":[677],"tags":[3395,2487],"class_list":["post-26294","post","type-post","status-publish","format-standard","has-post-thumbnail","hentry","category-journal-du-jardin","tag-botanique","tag-insolite"],"acf":[],"_links":{"self":[{"href":"https:\/\/www.rezeau.org\/wp-garden\/wp-json\/wp\/v2\/posts\/26294","targetHints":{"allow":["GET"]}}],"collection":[{"href":"https:\/\/www.rezeau.org\/wp-garden\/wp-json\/wp\/v2\/posts"}],"about":[{"href":"https:\/\/www.rezeau.org\/wp-garden\/wp-json\/wp\/v2\/types\/post"}],"author":[{"embeddable":true,"href":"https:\/\/www.rezeau.org\/wp-garden\/wp-json\/wp\/v2\/users\/2"}],"replies":[{"embeddable":true,"href":"https:\/\/www.rezeau.org\/wp-garden\/wp-json\/wp\/v2\/comments?post=26294"}],"version-history":[{"count":3,"href":"https:\/\/www.rezeau.org\/wp-garden\/wp-json\/wp\/v2\/posts\/26294\/revisions"}],"predecessor-version":[{"id":26301,"href":"https:\/\/www.rezeau.org\/wp-garden\/wp-json\/wp\/v2\/posts\/26294\/revisions\/26301"}],"wp:featuredmedia":[{"embeddable":true,"href":"https:\/\/www.rezeau.org\/wp-garden\/wp-json\/wp\/v2\/media\/26298"}],"wp:attachment":[{"href":"https:\/\/www.rezeau.org\/wp-garden\/wp-json\/wp\/v2\/media?parent=26294"}],"wp:term":[{"taxonomy":"category","embeddable":true,"href":"https:\/\/www.rezeau.org\/wp-garden\/wp-json\/wp\/v2\/categories?post=26294"},{"taxonomy":"post_tag","embeddable":true,"href":"https:\/\/www.rezeau.org\/wp-garden\/wp-json\/wp\/v2\/tags?post=26294"}],"curies":[{"name":"wp","href":"https:\/\/api.w.org\/{rel}","templated":true}]}}