
{"id":26319,"date":"2025-07-07T16:28:43","date_gmt":"2025-07-07T14:28:43","guid":{"rendered":"https:\/\/www.rezeau.org\/wp-garden\/?p=26319"},"modified":"2025-07-07T16:41:26","modified_gmt":"2025-07-07T14:41:26","slug":"cest-le-pied","status":"publish","type":"post","link":"https:\/\/www.rezeau.org\/wp-garden\/fr\/cest-le-pied\/","title":{"rendered":"C&#8217;est le pied !"},"content":{"rendered":"\n<p>Lors de son r\u00e9cent s\u00e9jour dans la capitale, papi Jo a pu admirer (!) les nombreux ouvriers au travail sur les chantiers. Cette image t\u00e9moigne de la sollicitude vis-\u00e0-vis des citoyens cyclistes, ainsi que de l&#8217;usage approximatif de l&#8217;orthographe dans le BTP.<\/p>\n\n\n\n<figure class=\"wp-block-image size-full\"><img loading=\"lazy\" decoding=\"async\" width=\"600\" height=\"800\" src=\"https:\/\/www.rezeau.org\/wp-garden\/wp-content\/uploads\/20250702_082933.jpg\" alt=\"\" class=\"wp-image-26320\" srcset=\"https:\/\/www.rezeau.org\/wp-garden\/wp-content\/uploads\/20250702_082933.jpg 600w, https:\/\/www.rezeau.org\/wp-garden\/wp-content\/uploads\/20250702_082933-225x300.jpg 225w, https:\/\/www.rezeau.org\/wp-garden\/wp-content\/uploads\/20250702_082933-400x533.jpg 400w, https:\/\/www.rezeau.org\/wp-garden\/wp-content\/uploads\/20250702_082933-113x150.jpg 113w\" sizes=\"auto, (max-width: 600px) 100vw, 600px\" \/><figcaption class=\"wp-element-caption\">02\/07\/2025 &#8211; Dans une rue de Paris<\/figcaption><\/figure>\n\n\n\n<div style=\"height:22px\" aria-hidden=\"true\" class=\"wp-block-spacer\"><\/div>\n\n\n\n<blockquote class=\"wp-block-quote is-layout-flow wp-block-quote-is-layout-flow\">\n<p>Dans la locution verbale \u00ab mettre pied \u00e0 terre \u00bb, le nom \u00ab pied \u00bb est toujours au singulier. On consid\u00e8re en effet que lorsqu\u2019on descend d\u2019un cheval ou d\u2019une voiture, c\u2019est toujours un pied que l\u2019on pose \u00e0 terre avant de poser l\u2019autre. Source : <a href=\"https:\/\/www.dicoz.fr\/mettre-pieds-terre-ou-mettre-pied-terre\/\">https:\/\/www.dicoz.fr\/mettre-pieds-terre-ou-mettre-pied-terre\/<\/a><\/p>\n<\/blockquote>\n","protected":false},"excerpt":{"rendered":"<p>Le pied ou les pieds ?<\/p>\n<p class=\"continue-reading-button\"> <a class=\"continue-reading-link\" href=\"https:\/\/www.rezeau.org\/wp-garden\/fr\/cest-le-pied\/\">Continue reading<i class=\"crycon-right-dir\"><\/i><\/a><\/p>\n","protected":false},"author":2,"featured_media":26320,"comment_status":"closed","ping_status":"closed","sticky":false,"template":"","format":"standard","meta":{"_acf_changed":false,"footnotes":""},"categories":[677],"tags":[2187,2487,4141],"class_list":["post-26319","post","type-post","status-publish","format-standard","has-post-thumbnail","hentry","category-journal-du-jardin","tag-coup-de-gueule","tag-insolite","tag-photo-du-jour"],"acf":[],"_links":{"self":[{"href":"https:\/\/www.rezeau.org\/wp-garden\/wp-json\/wp\/v2\/posts\/26319","targetHints":{"allow":["GET"]}}],"collection":[{"href":"https:\/\/www.rezeau.org\/wp-garden\/wp-json\/wp\/v2\/posts"}],"about":[{"href":"https:\/\/www.rezeau.org\/wp-garden\/wp-json\/wp\/v2\/types\/post"}],"author":[{"embeddable":true,"href":"https:\/\/www.rezeau.org\/wp-garden\/wp-json\/wp\/v2\/users\/2"}],"replies":[{"embeddable":true,"href":"https:\/\/www.rezeau.org\/wp-garden\/wp-json\/wp\/v2\/comments?post=26319"}],"version-history":[{"count":2,"href":"https:\/\/www.rezeau.org\/wp-garden\/wp-json\/wp\/v2\/posts\/26319\/revisions"}],"predecessor-version":[{"id":26323,"href":"https:\/\/www.rezeau.org\/wp-garden\/wp-json\/wp\/v2\/posts\/26319\/revisions\/26323"}],"wp:featuredmedia":[{"embeddable":true,"href":"https:\/\/www.rezeau.org\/wp-garden\/wp-json\/wp\/v2\/media\/26320"}],"wp:attachment":[{"href":"https:\/\/www.rezeau.org\/wp-garden\/wp-json\/wp\/v2\/media?parent=26319"}],"wp:term":[{"taxonomy":"category","embeddable":true,"href":"https:\/\/www.rezeau.org\/wp-garden\/wp-json\/wp\/v2\/categories?post=26319"},{"taxonomy":"post_tag","embeddable":true,"href":"https:\/\/www.rezeau.org\/wp-garden\/wp-json\/wp\/v2\/tags?post=26319"}],"curies":[{"name":"wp","href":"https:\/\/api.w.org\/{rel}","templated":true}]}}