
{"id":26326,"date":"2025-07-08T14:53:17","date_gmt":"2025-07-08T12:53:17","guid":{"rendered":"https:\/\/www.rezeau.org\/wp-garden\/?p=26326"},"modified":"2025-07-08T14:53:17","modified_gmt":"2025-07-08T12:53:17","slug":"dentelles-noires-au-jardin","status":"publish","type":"post","link":"https:\/\/www.rezeau.org\/wp-garden\/fr\/dentelles-noires-au-jardin\/","title":{"rendered":"Dentelles noires au jardin"},"content":{"rendered":"\n<p>Pour une d\u00e9coration saisonni\u00e8re cette ann\u00e9e, le jardinier a opt\u00e9 pour le noir et blanc. Le noir est fourni par une ipom\u00e9e tr\u00e8s spectaculaire, et le blanc par une impatience bien jolie aussi, mais un peu \u00e9touff\u00e9e par l&#8217;ipom\u00e9e vigoureuse.<\/p>\n\n\n\n<figure class=\"wp-block-image size-full\"><img loading=\"lazy\" decoding=\"async\" width=\"800\" height=\"533\" src=\"https:\/\/www.rezeau.org\/wp-garden\/wp-content\/uploads\/L-IMGP1429.jpg\" alt=\"\" class=\"wp-image-26324\" srcset=\"https:\/\/www.rezeau.org\/wp-garden\/wp-content\/uploads\/L-IMGP1429.jpg 800w, https:\/\/www.rezeau.org\/wp-garden\/wp-content\/uploads\/L-IMGP1429-300x200.jpg 300w, https:\/\/www.rezeau.org\/wp-garden\/wp-content\/uploads\/L-IMGP1429-768x512.jpg 768w, https:\/\/www.rezeau.org\/wp-garden\/wp-content\/uploads\/L-IMGP1429-400x267.jpg 400w, https:\/\/www.rezeau.org\/wp-garden\/wp-content\/uploads\/L-IMGP1429-150x100.jpg 150w\" sizes=\"auto, (max-width: 800px) 100vw, 800px\" \/><figcaption class=\"wp-element-caption\"><em>Ipomoeae batatas Illusion Midnight Lace<\/em> &#8211; 08\/07\/2025<\/figcaption><\/figure>\n\n\n\n<blockquote class=\"wp-block-quote is-layout-flow wp-block-quote-is-layout-flow\">\n<p>L&#8217;<em>Ipomoea batatas<\/em> est une plante de la famille des convolvulac\u00e9es originaire d&#8217;Am\u00e9rique centrale et des \u00eeles du Pacifique. Dans son pays d&#8217;origine, c&#8217;est une plante vivace grimpante qui atteint 1 \u00e0 3 m de longueur. &#8216;Illusion Midnight Lace&#8217; en est une forme naine, s\u00e9lectionn\u00e9e pour son feuillage et son port compact et tapissant d&#8217;une grande valeur ornementale. Cette plante forme une touffe ronde et dense, de 20 cm de hauteur au minimum, pour un diam\u00e8tre de 30 cm. Les feuilles sont grandes, palm\u00e9es, d\u00e9coup\u00e9es en cinq grands lobes tr\u00e8s minces, elles sont presque noires aux reflets vert sombre et pourpre. Cette plante ne fleurit pas, elle montre une bonne tol\u00e9rance \u00e0 la chaleur estivale. [<a href=\"https:\/\/www.promessedefleurs.com\/annuelles\/fleurs-annuelles-en-minimottes\/annuelles-par-varietes\/ipomee\/ipomee-illusion-midnight-lace.html\">Promesse de fleurs<\/a>]<\/p>\n<\/blockquote>\n","protected":false},"excerpt":{"rendered":"<p>Pour une d\u00e9coration saisonni\u00e8re cette ann\u00e9e, le jardinier a opt\u00e9 pour le noir et blanc. Le noir est fourni par une ipom\u00e9e tr\u00e8s spectaculaire, et le blanc par une impatience bien jolie aussi, mais un peu \u00e9touff\u00e9e par l&#8217;ipom\u00e9e vigoureuse. L&#8217;Ipomoea batatas est une plante de la famille des convolvulac\u00e9es&#8230;<\/p>\n<p class=\"continue-reading-button\"> <a class=\"continue-reading-link\" href=\"https:\/\/www.rezeau.org\/wp-garden\/fr\/dentelles-noires-au-jardin\/\">Continue reading<i class=\"crycon-right-dir\"><\/i><\/a><\/p>\n","protected":false},"author":2,"featured_media":26324,"comment_status":"closed","ping_status":"closed","sticky":false,"template":"","format":"standard","meta":{"_acf_changed":false,"footnotes":""},"categories":[677],"tags":[2487],"class_list":["post-26326","post","type-post","status-publish","format-standard","has-post-thumbnail","hentry","category-journal-du-jardin","tag-insolite"],"acf":[],"_links":{"self":[{"href":"https:\/\/www.rezeau.org\/wp-garden\/wp-json\/wp\/v2\/posts\/26326","targetHints":{"allow":["GET"]}}],"collection":[{"href":"https:\/\/www.rezeau.org\/wp-garden\/wp-json\/wp\/v2\/posts"}],"about":[{"href":"https:\/\/www.rezeau.org\/wp-garden\/wp-json\/wp\/v2\/types\/post"}],"author":[{"embeddable":true,"href":"https:\/\/www.rezeau.org\/wp-garden\/wp-json\/wp\/v2\/users\/2"}],"replies":[{"embeddable":true,"href":"https:\/\/www.rezeau.org\/wp-garden\/wp-json\/wp\/v2\/comments?post=26326"}],"version-history":[{"count":1,"href":"https:\/\/www.rezeau.org\/wp-garden\/wp-json\/wp\/v2\/posts\/26326\/revisions"}],"predecessor-version":[{"id":26327,"href":"https:\/\/www.rezeau.org\/wp-garden\/wp-json\/wp\/v2\/posts\/26326\/revisions\/26327"}],"wp:featuredmedia":[{"embeddable":true,"href":"https:\/\/www.rezeau.org\/wp-garden\/wp-json\/wp\/v2\/media\/26324"}],"wp:attachment":[{"href":"https:\/\/www.rezeau.org\/wp-garden\/wp-json\/wp\/v2\/media?parent=26326"}],"wp:term":[{"taxonomy":"category","embeddable":true,"href":"https:\/\/www.rezeau.org\/wp-garden\/wp-json\/wp\/v2\/categories?post=26326"},{"taxonomy":"post_tag","embeddable":true,"href":"https:\/\/www.rezeau.org\/wp-garden\/wp-json\/wp\/v2\/tags?post=26326"}],"curies":[{"name":"wp","href":"https:\/\/api.w.org\/{rel}","templated":true}]}}