
{"id":26346,"date":"2025-07-11T19:00:15","date_gmt":"2025-07-11T17:00:15","guid":{"rendered":"https:\/\/www.rezeau.org\/wp-garden\/?p=26346"},"modified":"2025-07-12T16:27:23","modified_gmt":"2025-07-12T14:27:23","slug":"herbe-aux-sorcieres-du-jour","status":"publish","type":"post","link":"https:\/\/www.rezeau.org\/wp-garden\/fr\/herbe-aux-sorcieres-du-jour\/","title":{"rendered":"Herbe aux sorci\u00e8res du jour"},"content":{"rendered":"\n<p>L&#8217;herbier de papi Jo va s&#8217;enrichir d&#8217;une nouvelle plante. Facilement identifi\u00e9e gr\u00e2ce \u00e0 <a href=\"https:\/\/plantnet.org\/\" target=\"_blank\" rel=\"noreferrer noopener\">Pl@ntNet<\/a>, cette <em>Circaea lutetiana<\/em> va rejoiondre dans l&#8217;herbier les 2 autres repr\u00e9sentantes de la famille des <em>Onagraceae<\/em>.<\/p>\n\n\n\n<figure class=\"wp-block-gallery has-nested-images columns-default is-cropped wp-block-gallery-1 is-layout-flex wp-block-gallery-is-layout-flex\">\n<figure class=\"wp-block-image size-large\"><a href=\"https:\/\/www.rezeau.org\/wp-garden\/wp-content\/uploads\/L-IMGP1519.jpg\" rel=\"lightbox[26346]\"><img loading=\"lazy\" decoding=\"async\" width=\"800\" height=\"533\" data-id=\"26345\" src=\"https:\/\/www.rezeau.org\/wp-garden\/wp-content\/uploads\/L-IMGP1519.jpg\" alt=\"\" class=\"wp-image-26345\" srcset=\"https:\/\/www.rezeau.org\/wp-garden\/wp-content\/uploads\/L-IMGP1519.jpg 800w, https:\/\/www.rezeau.org\/wp-garden\/wp-content\/uploads\/L-IMGP1519-300x200.jpg 300w, https:\/\/www.rezeau.org\/wp-garden\/wp-content\/uploads\/L-IMGP1519-768x512.jpg 768w, https:\/\/www.rezeau.org\/wp-garden\/wp-content\/uploads\/L-IMGP1519-400x267.jpg 400w, https:\/\/www.rezeau.org\/wp-garden\/wp-content\/uploads\/L-IMGP1519-150x100.jpg 150w\" sizes=\"auto, (max-width: 800px) 100vw, 800px\" \/><\/a><figcaption class=\"wp-element-caption\"><em>Circaea lutetiana<\/em> L. D\u00e9tail fleurs et fruits<\/figcaption><\/figure>\n\n\n\n<figure class=\"wp-block-image size-large\"><a href=\"https:\/\/www.rezeau.org\/wp-garden\/wp-content\/uploads\/L-IMGP1514.jpg\" rel=\"lightbox[26346]\"><img loading=\"lazy\" decoding=\"async\" width=\"800\" height=\"533\" data-id=\"26344\" src=\"https:\/\/www.rezeau.org\/wp-garden\/wp-content\/uploads\/L-IMGP1514.jpg\" alt=\"\" class=\"wp-image-26344\" srcset=\"https:\/\/www.rezeau.org\/wp-garden\/wp-content\/uploads\/L-IMGP1514.jpg 800w, https:\/\/www.rezeau.org\/wp-garden\/wp-content\/uploads\/L-IMGP1514-300x200.jpg 300w, https:\/\/www.rezeau.org\/wp-garden\/wp-content\/uploads\/L-IMGP1514-768x512.jpg 768w, https:\/\/www.rezeau.org\/wp-garden\/wp-content\/uploads\/L-IMGP1514-400x267.jpg 400w, https:\/\/www.rezeau.org\/wp-garden\/wp-content\/uploads\/L-IMGP1514-150x100.jpg 150w\" sizes=\"auto, (max-width: 800px) 100vw, 800px\" \/><\/a><figcaption class=\"wp-element-caption\"><em>Circaea lutetiana<\/em> L. Vue d&#8217;ensemble <em>in situ<\/em><\/figcaption><\/figure>\n<\/figure>\n\n\n\n<div style=\"height:22px\" aria-hidden=\"true\" class=\"wp-block-spacer\"><\/div>\n\n\n\n<div class=\"wp-block-buttons is-layout-flex wp-block-buttons-is-layout-flex\">\n<div class=\"wp-block-button\"><a class=\"wp-block-button__link wp-element-button\" href=\"https:\/\/www.rezeau.org\/wp-flore\/circaea-lutetiana\/\" target=\"_blank\" rel=\"noreferrer noopener\"><em>Circaea lutetiana<\/em> sur la Flore de papi Jo<\/a><\/div>\n\n\n\n<div class=\"wp-block-button\"><a class=\"wp-block-button__link wp-element-button\" href=\"https:\/\/www.rezeau.org\/wp-flore\/category\/plantae\/onagraceae\/\" target=\"_blank\" rel=\"noreferrer noopener\">Les <em>Onagraceae <\/em>de papi Jo<\/a><\/div>\n<\/div>\n\n\n\n<p><\/p>\n","protected":false},"excerpt":{"rendered":"<p>L&#8217;herbier de papi Jo va s&#8217;enrichir d&#8217;une nouvelle plante. Facilement identifi\u00e9e gr\u00e2ce \u00e0 Pl@ntNet, cette Circaea lutetiana va rejoiondre dans l&#8217;herbier les 2 autres repr\u00e9sentantes de la famille des Onagraceae.<\/p>\n<p class=\"continue-reading-button\"> <a class=\"continue-reading-link\" href=\"https:\/\/www.rezeau.org\/wp-garden\/fr\/herbe-aux-sorcieres-du-jour\/\">Continue reading<i class=\"crycon-right-dir\"><\/i><\/a><\/p>\n","protected":false},"author":2,"featured_media":26345,"comment_status":"closed","ping_status":"closed","sticky":false,"template":"","format":"standard","meta":{"_acf_changed":false,"footnotes":""},"categories":[677],"tags":[3395],"class_list":["post-26346","post","type-post","status-publish","format-standard","has-post-thumbnail","hentry","category-journal-du-jardin","tag-botanique"],"acf":[],"_links":{"self":[{"href":"https:\/\/www.rezeau.org\/wp-garden\/wp-json\/wp\/v2\/posts\/26346","targetHints":{"allow":["GET"]}}],"collection":[{"href":"https:\/\/www.rezeau.org\/wp-garden\/wp-json\/wp\/v2\/posts"}],"about":[{"href":"https:\/\/www.rezeau.org\/wp-garden\/wp-json\/wp\/v2\/types\/post"}],"author":[{"embeddable":true,"href":"https:\/\/www.rezeau.org\/wp-garden\/wp-json\/wp\/v2\/users\/2"}],"replies":[{"embeddable":true,"href":"https:\/\/www.rezeau.org\/wp-garden\/wp-json\/wp\/v2\/comments?post=26346"}],"version-history":[{"count":2,"href":"https:\/\/www.rezeau.org\/wp-garden\/wp-json\/wp\/v2\/posts\/26346\/revisions"}],"predecessor-version":[{"id":26361,"href":"https:\/\/www.rezeau.org\/wp-garden\/wp-json\/wp\/v2\/posts\/26346\/revisions\/26361"}],"wp:featuredmedia":[{"embeddable":true,"href":"https:\/\/www.rezeau.org\/wp-garden\/wp-json\/wp\/v2\/media\/26345"}],"wp:attachment":[{"href":"https:\/\/www.rezeau.org\/wp-garden\/wp-json\/wp\/v2\/media?parent=26346"}],"wp:term":[{"taxonomy":"category","embeddable":true,"href":"https:\/\/www.rezeau.org\/wp-garden\/wp-json\/wp\/v2\/categories?post=26346"},{"taxonomy":"post_tag","embeddable":true,"href":"https:\/\/www.rezeau.org\/wp-garden\/wp-json\/wp\/v2\/tags?post=26346"}],"curies":[{"name":"wp","href":"https:\/\/api.w.org\/{rel}","templated":true}]}}