
{"id":26349,"date":"2025-07-12T16:13:13","date_gmt":"2025-07-12T14:13:13","guid":{"rendered":"https:\/\/www.rezeau.org\/wp-garden\/?p=26349"},"modified":"2025-07-12T16:18:01","modified_gmt":"2025-07-12T14:18:01","slug":"tas-dbeaux-yeux-tu-sais","status":"publish","type":"post","link":"https:\/\/www.rezeau.org\/wp-garden\/fr\/tas-dbeaux-yeux-tu-sais\/","title":{"rendered":"T&#8217;as d&#8217;beaux yeux, tu sais !"},"content":{"rendered":"\n<p>L&#8217;insecte du jour est de la famille des Chrysopidae. <\/p>\n\n\n\n<blockquote class=\"wp-block-quote is-layout-flow wp-block-quote-is-layout-flow\">\n<p>La chrysope est un insecte appartenant \u00e0 l\u2019ordre des N\u00e9vropt\u00e8res et de la famille des Chrysopid\u00e9es. Surnomm\u00e9e la \u00ab Demoiselle aux yeux d\u2019or \u00bb, elle se r\u00e9v\u00e8le \u00eatre une alli\u00e9e de taille dans la lutte biologique contre certains ravageurs \u2013 les pucerons en particulier.<\/p>\n<\/blockquote>\n\n\n\n<p>S&#8217;agit-il d&#8217;une chrysope verte (<em>Chrysoperla carnea<\/em>), parfois appel\u00e9e demoiselle aux yeux d&#8217;or ? Probablement pas, mais c&#8217;est une cousine. On attend donc une confirmation d&#8217;identification sur l&#8217;excellent site <a href=\"https:\/\/www.insecte.org\/\">https:\/\/www.insecte.org\/<\/a> Cette charmante petite bestiole faisait une pause sur le Velux de ma salle d&#8217;eau, ce qui a facilit\u00e9 la capture photo. On trouvera ci-dessous une petite galerie de Chrysopid\u00e9es photographi\u00e9es depuis quelques ann\u00e9es par papi Jo avec sa casquette de macro-photographe et entomologiste amateur.<\/p>\n\n\n\n<figure class=\"wp-block-gallery has-nested-images columns-4 is-cropped wp-block-gallery-1 is-layout-flex wp-block-gallery-is-layout-flex\">\n<figure class=\"wp-block-image size-medium\"><a href=\"https:\/\/www.rezeau.org\/wp-garden\/wp-content\/uploads\/L-IMGP1469.jpg\" rel=\"lightbox[26349]\"><img loading=\"lazy\" decoding=\"async\" width=\"300\" height=\"200\" data-id=\"26343\" src=\"https:\/\/www.rezeau.org\/wp-garden\/wp-content\/uploads\/L-IMGP1469-300x200.jpg\" alt=\"\" class=\"wp-image-26343\" srcset=\"https:\/\/www.rezeau.org\/wp-garden\/wp-content\/uploads\/L-IMGP1469-300x200.jpg 300w, https:\/\/www.rezeau.org\/wp-garden\/wp-content\/uploads\/L-IMGP1469-768x512.jpg 768w, https:\/\/www.rezeau.org\/wp-garden\/wp-content\/uploads\/L-IMGP1469-400x267.jpg 400w, https:\/\/www.rezeau.org\/wp-garden\/wp-content\/uploads\/L-IMGP1469-150x100.jpg 150w, https:\/\/www.rezeau.org\/wp-garden\/wp-content\/uploads\/L-IMGP1469.jpg 800w\" sizes=\"auto, (max-width: 300px) 100vw, 300px\" \/><\/a><figcaption class=\"wp-element-caption\">Chrysopidae ID? 11\/07\/2025<\/figcaption><\/figure>\n\n\n\n<figure class=\"wp-block-image size-medium\"><a href=\"https:\/\/www.rezeau.org\/wp-garden\/wp-content\/uploads\/K-IMGP30341.jpg\" rel=\"lightbox[26349]\"><img loading=\"lazy\" decoding=\"async\" width=\"300\" height=\"200\" data-id=\"26358\" src=\"https:\/\/www.rezeau.org\/wp-garden\/wp-content\/uploads\/K-IMGP30341-300x200.jpg\" alt=\"\" class=\"wp-image-26358\" srcset=\"https:\/\/www.rezeau.org\/wp-garden\/wp-content\/uploads\/K-IMGP30341-300x200.jpg 300w, https:\/\/www.rezeau.org\/wp-garden\/wp-content\/uploads\/K-IMGP30341-768x512.jpg 768w, https:\/\/www.rezeau.org\/wp-garden\/wp-content\/uploads\/K-IMGP30341-400x267.jpg 400w, https:\/\/www.rezeau.org\/wp-garden\/wp-content\/uploads\/K-IMGP30341-150x100.jpg 150w, https:\/\/www.rezeau.org\/wp-garden\/wp-content\/uploads\/K-IMGP30341.jpg 1024w\" sizes=\"auto, (max-width: 300px) 100vw, 300px\" \/><\/a><figcaption class=\"wp-element-caption\"><em>Apertochrysa flavifrons<\/em> &#8211; 28\/6\/2023<\/figcaption><\/figure>\n\n\n\n<figure class=\"wp-block-image size-medium\"><a href=\"https:\/\/www.rezeau.org\/wp-garden\/wp-content\/uploads\/d-imgp21721.jpg\" rel=\"lightbox[26349]\"><img loading=\"lazy\" decoding=\"async\" width=\"300\" height=\"200\" data-id=\"26351\" src=\"https:\/\/www.rezeau.org\/wp-garden\/wp-content\/uploads\/d-imgp21721-300x200.jpg\" alt=\"\" class=\"wp-image-26351\" srcset=\"https:\/\/www.rezeau.org\/wp-garden\/wp-content\/uploads\/d-imgp21721-300x200.jpg 300w, https:\/\/www.rezeau.org\/wp-garden\/wp-content\/uploads\/d-imgp21721-768x512.jpg 768w, https:\/\/www.rezeau.org\/wp-garden\/wp-content\/uploads\/d-imgp21721-400x267.jpg 400w, https:\/\/www.rezeau.org\/wp-garden\/wp-content\/uploads\/d-imgp21721-150x100.jpg 150w, https:\/\/www.rezeau.org\/wp-garden\/wp-content\/uploads\/d-imgp21721.jpg 1024w\" sizes=\"auto, (max-width: 300px) 100vw, 300px\" \/><\/a><figcaption class=\"wp-element-caption\"><em>Hypochrysa elegans<\/em> &#8211; 31\/05\/2012<\/figcaption><\/figure>\n\n\n\n<figure class=\"wp-block-image size-medium\"><a href=\"https:\/\/www.rezeau.org\/wp-garden\/wp-content\/uploads\/d_imgp21531.jpg\" rel=\"lightbox[26349]\"><img loading=\"lazy\" decoding=\"async\" width=\"300\" height=\"200\" data-id=\"26352\" src=\"https:\/\/www.rezeau.org\/wp-garden\/wp-content\/uploads\/d_imgp21531-300x200.jpg\" alt=\"\" class=\"wp-image-26352\" srcset=\"https:\/\/www.rezeau.org\/wp-garden\/wp-content\/uploads\/d_imgp21531-300x200.jpg 300w, https:\/\/www.rezeau.org\/wp-garden\/wp-content\/uploads\/d_imgp21531-768x512.jpg 768w, https:\/\/www.rezeau.org\/wp-garden\/wp-content\/uploads\/d_imgp21531-400x267.jpg 400w, https:\/\/www.rezeau.org\/wp-garden\/wp-content\/uploads\/d_imgp21531-150x100.jpg 150w, https:\/\/www.rezeau.org\/wp-garden\/wp-content\/uploads\/d_imgp21531.jpg 900w\" sizes=\"auto, (max-width: 300px) 100vw, 300px\" \/><\/a><figcaption class=\"wp-element-caption\"><em>Hypochrysa elegans<\/em> &#8211; 31\/05\/2012<\/figcaption><\/figure>\n<\/figure>\n\n\n\n<p><\/p>\n","protected":false},"excerpt":{"rendered":"<p>L&#8217;insecte du jour est de la famille des Chrysopidae. <\/p>\n<p class=\"continue-reading-button\"> <a class=\"continue-reading-link\" href=\"https:\/\/www.rezeau.org\/wp-garden\/fr\/tas-dbeaux-yeux-tu-sais\/\">Continue reading<i class=\"crycon-right-dir\"><\/i><\/a><\/p>\n","protected":false},"author":2,"featured_media":26343,"comment_status":"closed","ping_status":"closed","sticky":false,"template":"","format":"standard","meta":{"_acf_changed":false,"footnotes":""},"categories":[677],"tags":[2330,2487],"class_list":["post-26349","post","type-post","status-publish","format-standard","has-post-thumbnail","hentry","category-journal-du-jardin","tag-insectes","tag-insolite"],"acf":[],"_links":{"self":[{"href":"https:\/\/www.rezeau.org\/wp-garden\/wp-json\/wp\/v2\/posts\/26349","targetHints":{"allow":["GET"]}}],"collection":[{"href":"https:\/\/www.rezeau.org\/wp-garden\/wp-json\/wp\/v2\/posts"}],"about":[{"href":"https:\/\/www.rezeau.org\/wp-garden\/wp-json\/wp\/v2\/types\/post"}],"author":[{"embeddable":true,"href":"https:\/\/www.rezeau.org\/wp-garden\/wp-json\/wp\/v2\/users\/2"}],"replies":[{"embeddable":true,"href":"https:\/\/www.rezeau.org\/wp-garden\/wp-json\/wp\/v2\/comments?post=26349"}],"version-history":[{"count":3,"href":"https:\/\/www.rezeau.org\/wp-garden\/wp-json\/wp\/v2\/posts\/26349\/revisions"}],"predecessor-version":[{"id":26359,"href":"https:\/\/www.rezeau.org\/wp-garden\/wp-json\/wp\/v2\/posts\/26349\/revisions\/26359"}],"wp:featuredmedia":[{"embeddable":true,"href":"https:\/\/www.rezeau.org\/wp-garden\/wp-json\/wp\/v2\/media\/26343"}],"wp:attachment":[{"href":"https:\/\/www.rezeau.org\/wp-garden\/wp-json\/wp\/v2\/media?parent=26349"}],"wp:term":[{"taxonomy":"category","embeddable":true,"href":"https:\/\/www.rezeau.org\/wp-garden\/wp-json\/wp\/v2\/categories?post=26349"},{"taxonomy":"post_tag","embeddable":true,"href":"https:\/\/www.rezeau.org\/wp-garden\/wp-json\/wp\/v2\/tags?post=26349"}],"curies":[{"name":"wp","href":"https:\/\/api.w.org\/{rel}","templated":true}]}}