
{"id":26373,"date":"2025-07-13T12:10:33","date_gmt":"2025-07-13T10:10:33","guid":{"rendered":"https:\/\/www.rezeau.org\/wp-garden\/?p=26373"},"modified":"2025-07-13T12:10:33","modified_gmt":"2025-07-13T10:10:33","slug":"drole-de-papaveraceae","status":"publish","type":"post","link":"https:\/\/www.rezeau.org\/wp-garden\/fr\/drole-de-papaveraceae\/","title":{"rendered":"Dr\u00f4le de Papaveraceae !"},"content":{"rendered":"\n<p>Nom chinois\u00a0: \u535a\u843d\u56de Non, cette <em>Papaveraceae <\/em>n&#8217;est pas un coquelicot, bien que ce soit une cousine de notre pavot indig\u00e8ne.<\/p>\n\n\n\n<p>C&#8217;est une plante tr\u00e8s d\u00e9corative et voyageuse. En effet, gr\u00e2ce \u00e0 ses rhizomes qui explorent le sol, plant\u00e9e \u00e0 l\u2019origine du jardin en\u00a0<strong>2000<\/strong> elle s\u2019est d\u00e9plac\u00e9e au pied de la glycine, le long du mur Ouest en direction du Sud, en parcourant une bonne douzaine de m\u00e8tres en 25 ans.\ud83d\ude35\u200d\ud83d\udcab<\/p>\n\n\n\n<p><\/p>\n\n\n\n<figure class=\"wp-block-gallery has-nested-images columns-default is-cropped wp-block-gallery-1 is-layout-flex wp-block-gallery-is-layout-flex\">\n<figure class=\"wp-block-image size-large\"><a href=\"https:\/\/www.rezeau.org\/wp-garden\/wp-content\/uploads\/Macleaya-cordata-13-07-2025.jpg\" rel=\"lightbox[26373]\"><img loading=\"lazy\" decoding=\"async\" width=\"533\" height=\"800\" data-id=\"26362\" src=\"https:\/\/www.rezeau.org\/wp-garden\/wp-content\/uploads\/Macleaya-cordata-13-07-2025.jpg\" alt=\"Inflorescence\" class=\"wp-image-26362\" srcset=\"https:\/\/www.rezeau.org\/wp-garden\/wp-content\/uploads\/Macleaya-cordata-13-07-2025.jpg 533w, https:\/\/www.rezeau.org\/wp-garden\/wp-content\/uploads\/Macleaya-cordata-13-07-2025-200x300.jpg 200w, https:\/\/www.rezeau.org\/wp-garden\/wp-content\/uploads\/Macleaya-cordata-13-07-2025-400x600.jpg 400w, https:\/\/www.rezeau.org\/wp-garden\/wp-content\/uploads\/Macleaya-cordata-13-07-2025-100x150.jpg 100w\" sizes=\"auto, (max-width: 533px) 100vw, 533px\" \/><\/a><figcaption class=\"wp-element-caption\"><strong><em>Macleaya cordata<\/em> 13\/07\/2025<\/strong><\/figcaption><\/figure>\n\n\n\n<figure class=\"wp-block-image size-large\"><a href=\"https:\/\/www.rezeau.org\/wp-garden\/wp-content\/uploads\/29-06-2018.jpg\" rel=\"lightbox[26373]\"><img loading=\"lazy\" decoding=\"async\" width=\"1024\" height=\"683\" data-id=\"10765\" src=\"https:\/\/www.rezeau.org\/wp-garden\/wp-content\/uploads\/29-06-2018.jpg\" alt=\"Centre de la bordure Ouest en pleine floraison, avec quantit\u00e9 de Maccleya cordata cette ann\u00e9e.\" class=\"wp-image-10765\" srcset=\"https:\/\/www.rezeau.org\/wp-garden\/wp-content\/uploads\/29-06-2018.jpg 1024w, https:\/\/www.rezeau.org\/wp-garden\/wp-content\/uploads\/29-06-2018-300x200.jpg 300w, https:\/\/www.rezeau.org\/wp-garden\/wp-content\/uploads\/29-06-2018-768x512.jpg 768w\" sizes=\"auto, (max-width: 1024px) 100vw, 1024px\" \/><\/a><figcaption class=\"wp-element-caption\">29\/06\/2018<\/figcaption><\/figure>\n\n\n\n<figure class=\"wp-block-image size-large\"><a href=\"https:\/\/www.rezeau.org\/wp-garden\/wp-content\/uploads\/Macleaya-cordata-21-06-2018.jpg\" rel=\"lightbox[26373]\"><img loading=\"lazy\" decoding=\"async\" width=\"530\" height=\"800\" data-id=\"10659\" src=\"https:\/\/www.rezeau.org\/wp-garden\/wp-content\/uploads\/Macleaya-cordata-21-06-2018.jpg\" alt=\"Fort d\u00e9veloppement cette saison\" class=\"wp-image-10659\" srcset=\"https:\/\/www.rezeau.org\/wp-garden\/wp-content\/uploads\/Macleaya-cordata-21-06-2018.jpg 530w, https:\/\/www.rezeau.org\/wp-garden\/wp-content\/uploads\/Macleaya-cordata-21-06-2018-199x300.jpg 199w\" sizes=\"auto, (max-width: 530px) 100vw, 530px\" \/><\/a><figcaption class=\"wp-element-caption\"><em>Macleaya cordata<\/em> 21\/06\/2018<\/figcaption><\/figure>\n\n\n\n<figure class=\"wp-block-image size-large\"><a href=\"https:\/\/www.rezeau.org\/wp-garden\/wp-content\/uploads\/Macleaya-cordata-06-08-2014.jpg\" rel=\"lightbox[26373]\"><img loading=\"lazy\" decoding=\"async\" width=\"800\" height=\"600\" data-id=\"1991\" src=\"https:\/\/www.rezeau.org\/wp-garden\/wp-content\/uploads\/Macleaya-cordata-06-08-2014.jpg\" alt=\"<em&gt;Macleaya cordata<\/em&gt; 06\/08\/2014\" class=\"wp-image-1991\" srcset=\"https:\/\/www.rezeau.org\/wp-garden\/wp-content\/uploads\/Macleaya-cordata-06-08-2014.jpg 800w, https:\/\/www.rezeau.org\/wp-garden\/wp-content\/uploads\/Macleaya-cordata-06-08-2014-300x225.jpg 300w, https:\/\/www.rezeau.org\/wp-garden\/wp-content\/uploads\/Macleaya-cordata-06-08-2014-768x576.jpg 768w\" sizes=\"auto, (max-width: 800px) 100vw, 800px\" \/><\/a><figcaption class=\"wp-element-caption\"><em>Macleaya cordata<\/em> 06\/08\/2014<\/figcaption><\/figure>\n<\/figure>\n\n\n\n<div style=\"height:23px\" aria-hidden=\"true\" class=\"wp-block-spacer\"><\/div>\n\n\n\n<p>Cette plante ne se contente pas de &#8220;voyager&#8221; dans le jardin, elle a pas mal bourlingu\u00e9 dans la taxonomie botanique. Jugez-en plut\u00f4t, d&#8217;apr\u00e8s ce petit extrait de l&#8217;article de <a href=\"https:\/\/fr.wikipedia.org\/wiki\/Macleaya_cordata\">Wikipedia <\/a>:<\/p>\n\n\n\n<blockquote class=\"wp-block-quote is-layout-flow wp-block-quote-is-layout-flow\">\n<p><strong>Historique et position taxinomique<\/strong><\/p>\n\n\n\n<p>Carl Ludwig Willdenow d\u00e9crit, en 1797, une premi\u00e8re fois cette esp\u00e8ce sous le nom de <em>Boccaria cordata <\/em>Willd., avec comme seule pr\u00e9cision sur son origine une interrogation sur son habitat en Chine[4].<\/p>\n\n\n\n<p>Robert Brown la renomme, en 1826, dans sa description du genre et il en fait l&#8217;esp\u00e8ce-type de ce nouveau genre[5].<\/p>\n\n\n\n<p>En 1840, Constantine Samuel Rafinesque la replace dans le genre <em>Marzaria<\/em>. Ce d\u00e9placement est infond\u00e9.<\/p>\n\n\n\n<p>Comme le genre, elle est plac\u00e9e dans la sous-famille des <em>Papaveroideae<\/em>, tribu des <em>Chelidonieae<\/em>.<\/p>\n\n\n\n<p><em>Macleaya cordata <\/em>compte donc comme synonymes nomenclaturaux :<\/p>\n\n\n\n<pre class=\"wp-block-code\"><code>Bocconia cordata Willd.\nBocconia cordata var. thunbergii Miq.\nBocconia japonica Andr\u00e9\nMarzaria cordata (Willd.) Raf.<\/code><\/pre>\n\n\n\n<p><\/p>\n<\/blockquote>\n","protected":false},"excerpt":{"rendered":"<p>Nom chinois : \u535a\u843d\u56de <\/p>\n<p class=\"continue-reading-button\"> <a class=\"continue-reading-link\" href=\"https:\/\/www.rezeau.org\/wp-garden\/fr\/drole-de-papaveraceae\/\">Continue reading<i class=\"crycon-right-dir\"><\/i><\/a><\/p>\n","protected":false},"author":2,"featured_media":26362,"comment_status":"closed","ping_status":"closed","sticky":false,"template":"","format":"standard","meta":{"_acf_changed":false,"footnotes":""},"categories":[677],"tags":[3395,3208,2487,4141],"class_list":["post-26373","post","type-post","status-publish","format-standard","has-post-thumbnail","hentry","category-journal-du-jardin","tag-botanique","tag-floraisons","tag-insolite","tag-photo-du-jour"],"acf":[],"_links":{"self":[{"href":"https:\/\/www.rezeau.org\/wp-garden\/wp-json\/wp\/v2\/posts\/26373","targetHints":{"allow":["GET"]}}],"collection":[{"href":"https:\/\/www.rezeau.org\/wp-garden\/wp-json\/wp\/v2\/posts"}],"about":[{"href":"https:\/\/www.rezeau.org\/wp-garden\/wp-json\/wp\/v2\/types\/post"}],"author":[{"embeddable":true,"href":"https:\/\/www.rezeau.org\/wp-garden\/wp-json\/wp\/v2\/users\/2"}],"replies":[{"embeddable":true,"href":"https:\/\/www.rezeau.org\/wp-garden\/wp-json\/wp\/v2\/comments?post=26373"}],"version-history":[{"count":3,"href":"https:\/\/www.rezeau.org\/wp-garden\/wp-json\/wp\/v2\/posts\/26373\/revisions"}],"predecessor-version":[{"id":26376,"href":"https:\/\/www.rezeau.org\/wp-garden\/wp-json\/wp\/v2\/posts\/26373\/revisions\/26376"}],"wp:featuredmedia":[{"embeddable":true,"href":"https:\/\/www.rezeau.org\/wp-garden\/wp-json\/wp\/v2\/media\/26362"}],"wp:attachment":[{"href":"https:\/\/www.rezeau.org\/wp-garden\/wp-json\/wp\/v2\/media?parent=26373"}],"wp:term":[{"taxonomy":"category","embeddable":true,"href":"https:\/\/www.rezeau.org\/wp-garden\/wp-json\/wp\/v2\/categories?post=26373"},{"taxonomy":"post_tag","embeddable":true,"href":"https:\/\/www.rezeau.org\/wp-garden\/wp-json\/wp\/v2\/tags?post=26373"}],"curies":[{"name":"wp","href":"https:\/\/api.w.org\/{rel}","templated":true}]}}