
{"id":27384,"date":"2025-08-18T16:46:51","date_gmt":"2025-08-18T14:46:51","guid":{"rendered":"https:\/\/www.rezeau.org\/wp-garden\/?p=27384"},"modified":"2025-08-30T17:58:28","modified_gmt":"2025-08-30T15:58:28","slug":"une-histoire-de-famille","status":"publish","type":"post","link":"https:\/\/www.rezeau.org\/wp-garden\/fr\/une-histoire-de-famille\/","title":{"rendered":"Une histoire de famille"},"content":{"rendered":"\n<p>Eh oui, comme tous les \u00eatres vivants, les plantes ont une famille. En attendant la rentr\u00e9e de Septembre, on continue \u00e0 s&#8217;instructionner sur le site de papi Jo avec les devoirs de vacances.<\/p>\n\n\n<div class=\"h5p-iframe-wrapper\"><iframe id=\"h5p-iframe-27\" class=\"h5p-iframe\" data-content-id=\"27\" style=\"height:1px\" src=\"about:blank\" frameBorder=\"0\" scrolling=\"no\" title=\"Familles de plantes 2\"><\/iframe><\/div>\n\n\n\n<p><\/p>\n","protected":false},"excerpt":{"rendered":"<p>Eh oui, comme tous les \u00eatres vivants, les plantes ont une famille. En attendant la rentr\u00e9e de Septembre, on continue \u00e0 s&#8217;instructionner sur le site de papi Jo avec les devoirs de vacances.<\/p>\n<p class=\"continue-reading-button\"> <a class=\"continue-reading-link\" href=\"https:\/\/www.rezeau.org\/wp-garden\/fr\/une-histoire-de-famille\/\">Continue reading<i class=\"crycon-right-dir\"><\/i><\/a><\/p>\n","protected":false},"author":2,"featured_media":27386,"comment_status":"closed","ping_status":"closed","sticky":false,"template":"","format":"standard","meta":{"_acf_changed":false,"footnotes":""},"categories":[677],"tags":[3395,3208,2046],"class_list":["post-27384","post","type-post","status-publish","format-standard","has-post-thumbnail","hentry","category-journal-du-jardin","tag-botanique","tag-floraisons","tag-quiz-et-jeux"],"acf":[],"_links":{"self":[{"href":"https:\/\/www.rezeau.org\/wp-garden\/wp-json\/wp\/v2\/posts\/27384","targetHints":{"allow":["GET"]}}],"collection":[{"href":"https:\/\/www.rezeau.org\/wp-garden\/wp-json\/wp\/v2\/posts"}],"about":[{"href":"https:\/\/www.rezeau.org\/wp-garden\/wp-json\/wp\/v2\/types\/post"}],"author":[{"embeddable":true,"href":"https:\/\/www.rezeau.org\/wp-garden\/wp-json\/wp\/v2\/users\/2"}],"replies":[{"embeddable":true,"href":"https:\/\/www.rezeau.org\/wp-garden\/wp-json\/wp\/v2\/comments?post=27384"}],"version-history":[{"count":3,"href":"https:\/\/www.rezeau.org\/wp-garden\/wp-json\/wp\/v2\/posts\/27384\/revisions"}],"predecessor-version":[{"id":27509,"href":"https:\/\/www.rezeau.org\/wp-garden\/wp-json\/wp\/v2\/posts\/27384\/revisions\/27509"}],"wp:featuredmedia":[{"embeddable":true,"href":"https:\/\/www.rezeau.org\/wp-garden\/wp-json\/wp\/v2\/media\/27386"}],"wp:attachment":[{"href":"https:\/\/www.rezeau.org\/wp-garden\/wp-json\/wp\/v2\/media?parent=27384"}],"wp:term":[{"taxonomy":"category","embeddable":true,"href":"https:\/\/www.rezeau.org\/wp-garden\/wp-json\/wp\/v2\/categories?post=27384"},{"taxonomy":"post_tag","embeddable":true,"href":"https:\/\/www.rezeau.org\/wp-garden\/wp-json\/wp\/v2\/tags?post=27384"}],"curies":[{"name":"wp","href":"https:\/\/api.w.org\/{rel}","templated":true}]}}