
{"id":27390,"date":"2025-08-19T11:26:30","date_gmt":"2025-08-19T09:26:30","guid":{"rendered":"https:\/\/www.rezeau.org\/wp-garden\/?p=27390"},"modified":"2025-08-19T15:59:47","modified_gmt":"2025-08-19T13:59:47","slug":"le-roncier-du-voisin","status":"publish","type":"post","link":"https:\/\/www.rezeau.org\/wp-garden\/fr\/le-roncier-du-voisin\/","title":{"rendered":"Le roncier du voisin"},"content":{"rendered":"\n<p>Peste ou b\u00e9n\u00e9diction ? En cette saison o\u00f9 tout pousse bien, papi Jo en a marre de supprimer les ronces du jardin du voisin qui traversent la cl\u00f4ture mitoyenne. Il faut dire que le roncier qui recouvre une belle surface parmi la &#8220;jungle&#8221; voisine est en pleine forme. Pour se calmer \ud83d\ude35\u200d\ud83d\udcab\ud83e\udd2c\ud83d\ude20\ud83d\udca2papi Jo est all\u00e9 consulter Internet, o\u00f9 il a trouv\u00e9 plein de raisons d&#8217;appr\u00e9cier ce cadeau de la nature (je parle du roncier, pas du voisin). En r\u00e9sum\u00e9, un roncier c&#8217;est&nbsp;:<\/p>\n\n\n\n<ul class=\"wp-block-list color: blue;\">\n<li class=\".entry-content ul &gt; li {     list-style: inside; }\"><em>un habitat privil\u00e9gi\u00e9<\/em> pour quantit\u00e9 de petits mammif\u00e8res, d\u2019insectes ou d\u2019oiseaux\u00a0;<\/li>\n\n\n\n<li><em>un garde-manger<\/em> pour une faune diverse\u00a0;<\/li>\n\n\n\n<li><em>un berceau<\/em> pour de jeunes arbres ; Il n\u2019est pas rare de voir par exemple un ch\u00eane se d\u00e9velopper au sein d\u2019un roncier.<\/li>\n\n\n\n<li><em>un \u201coutil\u201d de r\u00e9g\u00e9n\u00e9ration des sols<\/em> ;<\/li>\n\n\n\n<li><em>des fruits d\u00e9licieux<\/em> pour faire des gel\u00e9es, des confitures, des tartes, &#8230;<\/li>\n<\/ul>\n\n\n\n<p>Tout \u00e7a c&#8217;est bien joli, mais \u00e7a n&#8217;a pas calm\u00e9 papi Jo, qui continuera \u00e0 combattre l&#8217;envahisseur. De toute fa\u00e7on, puisque le voisin offre \u00e0 &#8220;dame Nature&#8221; ce magnifique ilot de biodiversit\u00e9, papi Jo peut continuer \u00e0 cultiver son jardin d&#8217;agr\u00e9ment comme bon lui semble&#8230; et profiter de quantit\u00e9 d&#8217;insectes et oiseaux qui, apr\u00e8s s&#8217;\u00eatre abrit\u00e9s et restaur\u00e9s dans l&#8217;accueillant roncier ne manqueront pas de venir faire un petit tour de l&#8217;autre c\u00f4t\u00e9 de la cl\u00f4ture.<\/p>\n\n\n\n<figure class=\"wp-block-image size-full\"><img loading=\"lazy\" decoding=\"async\" width=\"800\" height=\"533\" src=\"https:\/\/www.rezeau.org\/wp-garden\/wp-content\/uploads\/L-IMGP1977.jpg\" alt=\"\" class=\"wp-image-27389\" srcset=\"https:\/\/www.rezeau.org\/wp-garden\/wp-content\/uploads\/L-IMGP1977.jpg 800w, https:\/\/www.rezeau.org\/wp-garden\/wp-content\/uploads\/L-IMGP1977-300x200.jpg 300w, https:\/\/www.rezeau.org\/wp-garden\/wp-content\/uploads\/L-IMGP1977-768x512.jpg 768w, https:\/\/www.rezeau.org\/wp-garden\/wp-content\/uploads\/L-IMGP1977-400x267.jpg 400w, https:\/\/www.rezeau.org\/wp-garden\/wp-content\/uploads\/L-IMGP1977-150x100.jpg 150w\" sizes=\"auto, (max-width: 800px) 100vw, 800px\" \/><figcaption class=\"wp-element-caption\">Le roncier du voisin &#8211; ao\u00fbt 2025<\/figcaption><\/figure>\n\n\n\n<div class=\"wp-block-buttons is-layout-flex wp-block-buttons-is-layout-flex\">\n<div class=\"wp-block-button\"><a class=\"wp-block-button__link wp-element-button\" href=\"https:\/\/www.un-jardin-bio.com\/ronciers-permaculture\/\">Le blog du jardinier bio (le roncier)<\/a><\/div>\n<\/div>\n\n\n\n<div style=\"height:32px\" aria-hidden=\"true\" class=\"wp-block-spacer\"><\/div>\n","protected":false},"excerpt":{"rendered":"<p>Peste ou b\u00e9n\u00e9diction ? <\/p>\n<p class=\"continue-reading-button\"> <a class=\"continue-reading-link\" href=\"https:\/\/www.rezeau.org\/wp-garden\/fr\/le-roncier-du-voisin\/\">Continue reading<i class=\"crycon-right-dir\"><\/i><\/a><\/p>\n","protected":false},"author":2,"featured_media":27389,"comment_status":"closed","ping_status":"closed","sticky":false,"template":"","format":"standard","meta":{"_acf_changed":false,"footnotes":""},"categories":[677],"tags":[2187],"class_list":["post-27390","post","type-post","status-publish","format-standard","has-post-thumbnail","hentry","category-journal-du-jardin","tag-coup-de-gueule"],"acf":[],"_links":{"self":[{"href":"https:\/\/www.rezeau.org\/wp-garden\/wp-json\/wp\/v2\/posts\/27390","targetHints":{"allow":["GET"]}}],"collection":[{"href":"https:\/\/www.rezeau.org\/wp-garden\/wp-json\/wp\/v2\/posts"}],"about":[{"href":"https:\/\/www.rezeau.org\/wp-garden\/wp-json\/wp\/v2\/types\/post"}],"author":[{"embeddable":true,"href":"https:\/\/www.rezeau.org\/wp-garden\/wp-json\/wp\/v2\/users\/2"}],"replies":[{"embeddable":true,"href":"https:\/\/www.rezeau.org\/wp-garden\/wp-json\/wp\/v2\/comments?post=27390"}],"version-history":[{"count":3,"href":"https:\/\/www.rezeau.org\/wp-garden\/wp-json\/wp\/v2\/posts\/27390\/revisions"}],"predecessor-version":[{"id":27397,"href":"https:\/\/www.rezeau.org\/wp-garden\/wp-json\/wp\/v2\/posts\/27390\/revisions\/27397"}],"wp:featuredmedia":[{"embeddable":true,"href":"https:\/\/www.rezeau.org\/wp-garden\/wp-json\/wp\/v2\/media\/27389"}],"wp:attachment":[{"href":"https:\/\/www.rezeau.org\/wp-garden\/wp-json\/wp\/v2\/media?parent=27390"}],"wp:term":[{"taxonomy":"category","embeddable":true,"href":"https:\/\/www.rezeau.org\/wp-garden\/wp-json\/wp\/v2\/categories?post=27390"},{"taxonomy":"post_tag","embeddable":true,"href":"https:\/\/www.rezeau.org\/wp-garden\/wp-json\/wp\/v2\/tags?post=27390"}],"curies":[{"name":"wp","href":"https:\/\/api.w.org\/{rel}","templated":true}]}}