
{"id":27415,"date":"2025-08-21T06:46:00","date_gmt":"2025-08-21T04:46:00","guid":{"rendered":"https:\/\/www.rezeau.org\/wp-garden\/?p=27415"},"modified":"2025-08-20T16:47:52","modified_gmt":"2025-08-20T14:47:52","slug":"demi-echec","status":"publish","type":"post","link":"https:\/\/www.rezeau.org\/wp-garden\/fr\/demi-echec\/","title":{"rendered":"Demi-\u00e9chec&#8230;"},"content":{"rendered":"\n<p>Quoi de neuf du c\u00f4t\u00e9 des <a href=\"https:\/\/www.rezeau.org\/wp-garden\/fr\/semis-pour-le-nez-24-4-2025\/\" target=\"_blank\" rel=\"noreferrer noopener\">pois de senteur sem\u00e9s fin avril<\/a> ? Le r\u00e9sultat est tout \u00e0 fait minable, au grand dam du jardinier. On est bien loin des promesses des superbes photos pr\u00e9sent\u00e9es sur les paquets de graines (et sur le site Thomson &amp; Morgan). Les <em>Lathyrus odoratus<\/em> &#8216;Robert Uvedale\u2019 n&#8217;ont quasiment pas lev\u00e9. Quand aux <em><em>Lathyrus odoratus<\/em> <\/em>\u2018Night and Day\u2019, ils n&#8217;ont pas vu le jour, seulement la nuit.\ud83d\ude35\u200d\ud83d\udcab Et encore une nuit pas vraiment noire, et surtout une floraison minimaliste. Bon, il faudra retenter l&#8217;exp\u00e9rience l&#8217;ann\u00e9e prochaine, peut-\u00eatre avec \u00e0 nouveau <a href=\"https:\/\/www.rezeau.org\/wp-garden\/fr\/savez-vous-semer-les-pois-suite\/\" target=\"_blank\" rel=\"noreferrer noopener\">la m\u00e9thode du \u00ab\u00a0rouleau de PQ\u00a0\u00bb, tent\u00e9e en 2016-2017<\/a>.<\/p>\n\n\n\n<p>En attendant on va se contenter de sentir le parfum des rares fleurs qui ont bien voulu se montrer. Et le jardinier va m\u00e9diter cet excellent article du site Promesse de Fleur : <a href=\"https:\/\/www.promessedefleurs.com\/conseil-plantes-jardin\/choisir-planter-cultiver\/jardin\/comment-rater-ses-semis-en-6-lecons\" target=\"_blank\" rel=\"noreferrer noopener\">Comment rater ses semis en 6 le\u00e7ons\u00a0?<\/a><\/p>\n\n\n\n<figure class=\"wp-block-image size-full\"><img loading=\"lazy\" decoding=\"async\" width=\"600\" height=\"800\" src=\"https:\/\/www.rezeau.org\/wp-garden\/wp-content\/uploads\/L-IMGP1955.jpg\" alt=\"Pois de senteur 'Night'\" class=\"wp-image-27419\" srcset=\"https:\/\/www.rezeau.org\/wp-garden\/wp-content\/uploads\/L-IMGP1955.jpg 600w, https:\/\/www.rezeau.org\/wp-garden\/wp-content\/uploads\/L-IMGP1955-225x300.jpg 225w, https:\/\/www.rezeau.org\/wp-garden\/wp-content\/uploads\/L-IMGP1955-400x533.jpg 400w, https:\/\/www.rezeau.org\/wp-garden\/wp-content\/uploads\/L-IMGP1955-113x150.jpg 113w\" sizes=\"auto, (max-width: 600px) 100vw, 600px\" \/><figcaption class=\"wp-element-caption\"><em><em>Lathyrus odoratus<\/em> <\/em>\u2018Night and Day\u2019 floraison d&#8217;ao\u00fbt 2025 !<\/figcaption><\/figure>\n","protected":false},"excerpt":{"rendered":"<p>Quoi de neuf du c\u00f4t\u00e9 des pois de senteur sem\u00e9s fin avril ?<\/p>\n<p class=\"continue-reading-button\"> <a class=\"continue-reading-link\" href=\"https:\/\/www.rezeau.org\/wp-garden\/fr\/demi-echec\/\">Continue reading<i class=\"crycon-right-dir\"><\/i><\/a><\/p>\n","protected":false},"author":2,"featured_media":27419,"comment_status":"closed","ping_status":"closed","sticky":false,"template":"","format":"standard","meta":{"_acf_changed":false,"footnotes":""},"categories":[677],"tags":[2187,3208,2067],"class_list":["post-27415","post","type-post","status-publish","format-standard","has-post-thumbnail","hentry","category-journal-du-jardin","tag-coup-de-gueule","tag-floraisons","tag-pois-de-senteur"],"acf":[],"_links":{"self":[{"href":"https:\/\/www.rezeau.org\/wp-garden\/wp-json\/wp\/v2\/posts\/27415","targetHints":{"allow":["GET"]}}],"collection":[{"href":"https:\/\/www.rezeau.org\/wp-garden\/wp-json\/wp\/v2\/posts"}],"about":[{"href":"https:\/\/www.rezeau.org\/wp-garden\/wp-json\/wp\/v2\/types\/post"}],"author":[{"embeddable":true,"href":"https:\/\/www.rezeau.org\/wp-garden\/wp-json\/wp\/v2\/users\/2"}],"replies":[{"embeddable":true,"href":"https:\/\/www.rezeau.org\/wp-garden\/wp-json\/wp\/v2\/comments?post=27415"}],"version-history":[{"count":3,"href":"https:\/\/www.rezeau.org\/wp-garden\/wp-json\/wp\/v2\/posts\/27415\/revisions"}],"predecessor-version":[{"id":27422,"href":"https:\/\/www.rezeau.org\/wp-garden\/wp-json\/wp\/v2\/posts\/27415\/revisions\/27422"}],"wp:featuredmedia":[{"embeddable":true,"href":"https:\/\/www.rezeau.org\/wp-garden\/wp-json\/wp\/v2\/media\/27419"}],"wp:attachment":[{"href":"https:\/\/www.rezeau.org\/wp-garden\/wp-json\/wp\/v2\/media?parent=27415"}],"wp:term":[{"taxonomy":"category","embeddable":true,"href":"https:\/\/www.rezeau.org\/wp-garden\/wp-json\/wp\/v2\/categories?post=27415"},{"taxonomy":"post_tag","embeddable":true,"href":"https:\/\/www.rezeau.org\/wp-garden\/wp-json\/wp\/v2\/tags?post=27415"}],"curies":[{"name":"wp","href":"https:\/\/api.w.org\/{rel}","templated":true}]}}