
{"id":27430,"date":"2025-08-22T19:06:11","date_gmt":"2025-08-22T17:06:11","guid":{"rendered":"https:\/\/www.rezeau.org\/wp-garden\/?p=27430"},"modified":"2025-08-22T19:06:11","modified_gmt":"2025-08-22T17:06:11","slug":"des-nouvelles-de-la-reine","status":"publish","type":"post","link":"https:\/\/www.rezeau.org\/wp-garden\/fr\/des-nouvelles-de-la-reine\/","title":{"rendered":"Des nouvelles de la reine"},"content":{"rendered":"\n<p>Non, il ne s&#8217;agit pas de la d\u00e9funte reine Elizabeth II, ni de la &#8220;reine consort Camilla&#8221;, (qu&#8217;on sort quand il fait beau). Il s&#8217;agit des sp\u00e9cimens de reine-marguerite <a href=\"https:\/\/www.rezeau.org\/wp-garden\/fr\/reine-du-jour\/\" target=\"_blank\" rel=\"noreferrer noopener\">plant\u00e9s au jardin au mois de mai<\/a>. Apr\u00e8s des d\u00e9buts difficiles, attaque de limaces, puis manque d&#8217;eau, ces plants sont maintenant presque tous fleuris. Il n&#8217;y a que des fleurs doubles (et m\u00eame tr\u00e8s tr\u00e8s doubles), en blanc, cr\u00e8me, rose et bleu, comme pr\u00e9vu. Le jardinier est content.\ud83d\ude0a<\/p>\n\n\n\n<figure class=\"wp-block-image size-full\"><img loading=\"lazy\" decoding=\"async\" width=\"800\" height=\"533\" src=\"https:\/\/www.rezeau.org\/wp-garden\/wp-content\/uploads\/L-IMGP1966.jpg\" alt=\"\" class=\"wp-image-27427\" srcset=\"https:\/\/www.rezeau.org\/wp-garden\/wp-content\/uploads\/L-IMGP1966.jpg 800w, https:\/\/www.rezeau.org\/wp-garden\/wp-content\/uploads\/L-IMGP1966-300x200.jpg 300w, https:\/\/www.rezeau.org\/wp-garden\/wp-content\/uploads\/L-IMGP1966-768x512.jpg 768w, https:\/\/www.rezeau.org\/wp-garden\/wp-content\/uploads\/L-IMGP1966-400x267.jpg 400w, https:\/\/www.rezeau.org\/wp-garden\/wp-content\/uploads\/L-IMGP1966-150x100.jpg 150w\" sizes=\"auto, (max-width: 800px) 100vw, 800px\" \/><figcaption class=\"wp-element-caption\">18\/08\/2025<\/figcaption><\/figure>\n","protected":false},"excerpt":{"rendered":"<p>Non, il ne s&#8217;agit pas de la d\u00e9funte reine Elizabeth II, ni de la &#8220;reine consort Camilla&#8221;,&#8230;<\/p>\n<p class=\"continue-reading-button\"> <a class=\"continue-reading-link\" href=\"https:\/\/www.rezeau.org\/wp-garden\/fr\/des-nouvelles-de-la-reine\/\">Continue reading<i class=\"crycon-right-dir\"><\/i><\/a><\/p>\n","protected":false},"author":2,"featured_media":27427,"comment_status":"closed","ping_status":"closed","sticky":false,"template":"","format":"standard","meta":{"_acf_changed":false,"footnotes":""},"categories":[677],"tags":[3208],"class_list":["post-27430","post","type-post","status-publish","format-standard","has-post-thumbnail","hentry","category-journal-du-jardin","tag-floraisons"],"acf":[],"_links":{"self":[{"href":"https:\/\/www.rezeau.org\/wp-garden\/wp-json\/wp\/v2\/posts\/27430","targetHints":{"allow":["GET"]}}],"collection":[{"href":"https:\/\/www.rezeau.org\/wp-garden\/wp-json\/wp\/v2\/posts"}],"about":[{"href":"https:\/\/www.rezeau.org\/wp-garden\/wp-json\/wp\/v2\/types\/post"}],"author":[{"embeddable":true,"href":"https:\/\/www.rezeau.org\/wp-garden\/wp-json\/wp\/v2\/users\/2"}],"replies":[{"embeddable":true,"href":"https:\/\/www.rezeau.org\/wp-garden\/wp-json\/wp\/v2\/comments?post=27430"}],"version-history":[{"count":1,"href":"https:\/\/www.rezeau.org\/wp-garden\/wp-json\/wp\/v2\/posts\/27430\/revisions"}],"predecessor-version":[{"id":27431,"href":"https:\/\/www.rezeau.org\/wp-garden\/wp-json\/wp\/v2\/posts\/27430\/revisions\/27431"}],"wp:featuredmedia":[{"embeddable":true,"href":"https:\/\/www.rezeau.org\/wp-garden\/wp-json\/wp\/v2\/media\/27427"}],"wp:attachment":[{"href":"https:\/\/www.rezeau.org\/wp-garden\/wp-json\/wp\/v2\/media?parent=27430"}],"wp:term":[{"taxonomy":"category","embeddable":true,"href":"https:\/\/www.rezeau.org\/wp-garden\/wp-json\/wp\/v2\/categories?post=27430"},{"taxonomy":"post_tag","embeddable":true,"href":"https:\/\/www.rezeau.org\/wp-garden\/wp-json\/wp\/v2\/tags?post=27430"}],"curies":[{"name":"wp","href":"https:\/\/api.w.org\/{rel}","templated":true}]}}