
{"id":27443,"date":"2025-08-25T05:32:00","date_gmt":"2025-08-25T03:32:00","guid":{"rendered":"https:\/\/www.rezeau.org\/wp-garden\/?p=27443"},"modified":"2025-08-24T18:39:05","modified_gmt":"2025-08-24T16:39:05","slug":"la-voiture-cest-mal-2","status":"publish","type":"post","link":"https:\/\/www.rezeau.org\/wp-garden\/fr\/la-voiture-cest-mal-2\/","title":{"rendered":"la voiture c&#8217;est mal (2)&#8230;"},"content":{"rendered":"\n<p><strong>&#8230; mais les fleurs, c&#8217;est beau ! <\/strong>Pour faire passer la pilule des v\u00e9lorues et autres sens interdits et attaques en r\u00e8gle contre &#8220;les voitures \u00e0 moteur thermique qui pollue et qui pue&#8221;, notre municipalit\u00e9 a mis de bien jolies fleurs dans les jardini\u00e8res qui ponctuent le parcours du combattant.<\/p>\n\n\n\n<figure class=\"wp-block-image size-full\"><img loading=\"lazy\" decoding=\"async\" width=\"800\" height=\"533\" src=\"https:\/\/www.rezeau.org\/wp-garden\/wp-content\/uploads\/L-IMGP1997.jpg\" alt=\"\" class=\"wp-image-27434\" srcset=\"https:\/\/www.rezeau.org\/wp-garden\/wp-content\/uploads\/L-IMGP1997.jpg 800w, https:\/\/www.rezeau.org\/wp-garden\/wp-content\/uploads\/L-IMGP1997-300x200.jpg 300w, https:\/\/www.rezeau.org\/wp-garden\/wp-content\/uploads\/L-IMGP1997-768x512.jpg 768w, https:\/\/www.rezeau.org\/wp-garden\/wp-content\/uploads\/L-IMGP1997-400x267.jpg 400w, https:\/\/www.rezeau.org\/wp-garden\/wp-content\/uploads\/L-IMGP1997-150x100.jpg 150w\" sizes=\"auto, (max-width: 800px) 100vw, 800px\" \/><figcaption class=\"wp-element-caption\">Hibiscus des marais, un joli rouge qui rappelle celui du nouveau sens interdit&#8230;<\/figcaption><\/figure>\n","protected":false},"excerpt":{"rendered":"<p>la voiture c&#8217;est mal &#8230;.. mais les fleurs, c&#8217;est beau !<\/p>\n<p class=\"continue-reading-button\"> <a class=\"continue-reading-link\" href=\"https:\/\/www.rezeau.org\/wp-garden\/fr\/la-voiture-cest-mal-2\/\">Continue reading<i class=\"crycon-right-dir\"><\/i><\/a><\/p>\n","protected":false},"author":2,"featured_media":27434,"comment_status":"closed","ping_status":"closed","sticky":false,"template":"","format":"standard","meta":{"_acf_changed":false,"footnotes":""},"categories":[677],"tags":[2187,3208],"class_list":["post-27443","post","type-post","status-publish","format-standard","has-post-thumbnail","hentry","category-journal-du-jardin","tag-coup-de-gueule","tag-floraisons"],"acf":[],"_links":{"self":[{"href":"https:\/\/www.rezeau.org\/wp-garden\/wp-json\/wp\/v2\/posts\/27443","targetHints":{"allow":["GET"]}}],"collection":[{"href":"https:\/\/www.rezeau.org\/wp-garden\/wp-json\/wp\/v2\/posts"}],"about":[{"href":"https:\/\/www.rezeau.org\/wp-garden\/wp-json\/wp\/v2\/types\/post"}],"author":[{"embeddable":true,"href":"https:\/\/www.rezeau.org\/wp-garden\/wp-json\/wp\/v2\/users\/2"}],"replies":[{"embeddable":true,"href":"https:\/\/www.rezeau.org\/wp-garden\/wp-json\/wp\/v2\/comments?post=27443"}],"version-history":[{"count":2,"href":"https:\/\/www.rezeau.org\/wp-garden\/wp-json\/wp\/v2\/posts\/27443\/revisions"}],"predecessor-version":[{"id":27446,"href":"https:\/\/www.rezeau.org\/wp-garden\/wp-json\/wp\/v2\/posts\/27443\/revisions\/27446"}],"wp:featuredmedia":[{"embeddable":true,"href":"https:\/\/www.rezeau.org\/wp-garden\/wp-json\/wp\/v2\/media\/27434"}],"wp:attachment":[{"href":"https:\/\/www.rezeau.org\/wp-garden\/wp-json\/wp\/v2\/media?parent=27443"}],"wp:term":[{"taxonomy":"category","embeddable":true,"href":"https:\/\/www.rezeau.org\/wp-garden\/wp-json\/wp\/v2\/categories?post=27443"},{"taxonomy":"post_tag","embeddable":true,"href":"https:\/\/www.rezeau.org\/wp-garden\/wp-json\/wp\/v2\/tags?post=27443"}],"curies":[{"name":"wp","href":"https:\/\/api.w.org\/{rel}","templated":true}]}}