
{"id":27455,"date":"2025-08-26T18:23:47","date_gmt":"2025-08-26T16:23:47","guid":{"rendered":"https:\/\/www.rezeau.org\/wp-garden\/?p=27455"},"modified":"2025-08-26T22:15:36","modified_gmt":"2025-08-26T20:15:36","slug":"le-cafe-cest-mal","status":"publish","type":"post","link":"https:\/\/www.rezeau.org\/wp-garden\/fr\/le-cafe-cest-mal\/","title":{"rendered":"Le caf\u00e9, c&#8217;est mal&#8230;"},"content":{"rendered":"\n<p>&#8230; <strong>la chicor\u00e9e, c&#8217;est bien !<\/strong> Comme on peut le lire sur le site <a href=\"https:\/\/www.allodocteurs.fr\">https:\/\/www.allodocteurs.fr<\/a><\/p>\n\n\n\n<blockquote class=\"wp-block-quote is-layout-flow wp-block-quote-is-layout-flow\">\n<p>Diff\u00e9rence essentielle, la chicor\u00e9e ne contient pas de caf\u00e9ine : elle ne poss\u00e8de donc pas l\u2019action stimulante et excitante du caf\u00e9.<br>La chicor\u00e9e est riche en fibres, en polyph\u00e9nols, en flavono\u00efdes, en inuline aux propri\u00e9t\u00e9s pr\u00e9biotiques, en oligo fructose ou encore en acides gras et amin\u00e9s. Elle contient aussi certaines vitamines comme le tocoph\u00e9rol, des prot\u00e9ines et des graisses.<br>La chicor\u00e9e, c\u2019est le choix \u00e9colo des amateurs de caf\u00e9 ! C\u2019est en effet un produit local, dont la production est durable : elle demande peu d\u2019espace et peu d\u2019eau.<br>Elle \u00e9vite donc le co\u00fbt environnemental et la pollution du transport du caf\u00e9 et de son irrigation, la culture du caf\u00e9 \u00e9tant tr\u00e8s gourmande en eau.<\/p>\n\n\n\n<p>&#8212;&#8212;&#8212;&#8212;&#8212;&#8212;&#8212;&#8211;<br><\/p>\n<\/blockquote>\n\n\n\n<p>\u00c7a tombe bien, le prix du caf\u00e9 que papi Jo se procure chez son torr\u00e9facteur pr\u00e9f\u00e9r\u00e9 ne cesse d&#8217;augmenter&nbsp;; et il vient de d\u00e9couvrir un plant de chicor\u00e9e sauvage dans le bourg du village, sur un terrain en friche. Bon, assez rigol\u00e9, je vais me contenter d&#8217;admirer le joli bleu de la fleur de chicor\u00e9e et continuer \u00e0 faire confiance \u00e0 mon torr\u00e9facteur pour cette boisson pas vraiment \u00e9colo (mais d\u00e9licieuse) qu&#8217;est le caf\u00e9. D&#8217;autant plus qu&#8217;il serait inutile de torr\u00e9fier les racines de cette jolie <em>Cichorium intybus<\/em>&nbsp;L. la chicor\u00e9e cultiv\u00e9e c&#8217;est <em>Cichorium intybus<\/em> subsp. <em>intybus<\/em> var. <em>sativum<\/em> (rien que \u00e7a&nbsp;!)<\/p>\n\n\n\n<figure class=\"wp-block-gallery has-nested-images columns-default is-cropped wp-block-gallery-1 is-layout-flex wp-block-gallery-is-layout-flex\">\n<figure class=\"wp-block-image size-large\"><a href=\"https:\/\/www.rezeau.org\/wp-garden\/wp-content\/uploads\/Cichorium-intybus-L.-26-08-2025-2-1.jpg\" rel=\"lightbox[27455]\"><img loading=\"lazy\" decoding=\"async\" width=\"800\" height=\"533\" data-id=\"27458\" src=\"https:\/\/www.rezeau.org\/wp-garden\/wp-content\/uploads\/Cichorium-intybus-L.-26-08-2025-2-1.jpg\" alt=\"\" class=\"wp-image-27458\" srcset=\"https:\/\/www.rezeau.org\/wp-garden\/wp-content\/uploads\/Cichorium-intybus-L.-26-08-2025-2-1.jpg 800w, https:\/\/www.rezeau.org\/wp-garden\/wp-content\/uploads\/Cichorium-intybus-L.-26-08-2025-2-1-300x200.jpg 300w, https:\/\/www.rezeau.org\/wp-garden\/wp-content\/uploads\/Cichorium-intybus-L.-26-08-2025-2-1-768x512.jpg 768w, https:\/\/www.rezeau.org\/wp-garden\/wp-content\/uploads\/Cichorium-intybus-L.-26-08-2025-2-1-400x267.jpg 400w, https:\/\/www.rezeau.org\/wp-garden\/wp-content\/uploads\/Cichorium-intybus-L.-26-08-2025-2-1-150x100.jpg 150w\" sizes=\"auto, (max-width: 800px) 100vw, 800px\" \/><\/a><figcaption class=\"wp-element-caption\"><em>Cichorium intybus L.<\/em> 26\/08\/2025<\/figcaption><\/figure>\n\n\n\n<figure class=\"wp-block-image size-large\"><a href=\"https:\/\/www.rezeau.org\/wp-garden\/wp-content\/uploads\/Cichorium-intybus-L.-26-08-2025-1.jpg\" rel=\"lightbox[27455]\"><img loading=\"lazy\" decoding=\"async\" width=\"800\" height=\"533\" data-id=\"27457\" src=\"https:\/\/www.rezeau.org\/wp-garden\/wp-content\/uploads\/Cichorium-intybus-L.-26-08-2025-1.jpg\" alt=\"\" class=\"wp-image-27457\" srcset=\"https:\/\/www.rezeau.org\/wp-garden\/wp-content\/uploads\/Cichorium-intybus-L.-26-08-2025-1.jpg 800w, https:\/\/www.rezeau.org\/wp-garden\/wp-content\/uploads\/Cichorium-intybus-L.-26-08-2025-1-300x200.jpg 300w, https:\/\/www.rezeau.org\/wp-garden\/wp-content\/uploads\/Cichorium-intybus-L.-26-08-2025-1-768x512.jpg 768w, https:\/\/www.rezeau.org\/wp-garden\/wp-content\/uploads\/Cichorium-intybus-L.-26-08-2025-1-400x267.jpg 400w, https:\/\/www.rezeau.org\/wp-garden\/wp-content\/uploads\/Cichorium-intybus-L.-26-08-2025-1-150x100.jpg 150w\" sizes=\"auto, (max-width: 800px) 100vw, 800px\" \/><\/a><figcaption class=\"wp-element-caption\"><em>Cichorium intybus L.<\/em> 26\/08\/2025<\/figcaption><\/figure>\n\n\n\n<figure class=\"wp-block-image size-large\"><a href=\"https:\/\/www.rezeau.org\/wp-garden\/wp-content\/uploads\/chicoree-leroux.jpg\" rel=\"lightbox[27455]\"><img loading=\"lazy\" decoding=\"async\" width=\"617\" height=\"712\" data-id=\"27465\" src=\"https:\/\/www.rezeau.org\/wp-garden\/wp-content\/uploads\/chicoree-leroux.jpg\" alt=\"\" class=\"wp-image-27465\" srcset=\"https:\/\/www.rezeau.org\/wp-garden\/wp-content\/uploads\/chicoree-leroux.jpg 617w, https:\/\/www.rezeau.org\/wp-garden\/wp-content\/uploads\/chicoree-leroux-260x300.jpg 260w, https:\/\/www.rezeau.org\/wp-garden\/wp-content\/uploads\/chicoree-leroux-400x462.jpg 400w, https:\/\/www.rezeau.org\/wp-garden\/wp-content\/uploads\/chicoree-leroux-130x150.jpg 130w\" sizes=\"auto, (max-width: 617px) 100vw, 617px\" \/><\/a><\/figure>\n<figcaption class=\"blocks-gallery-caption wp-element-caption\"><em>Cichorium intybus<\/em>&nbsp;L. chicor\u00e9e sauvage &#8211; Chicor\u00e9e &#8220;\u00e0 caf\u00e9&#8221; Leroux.<\/figcaption><\/figure>\n\n\n\n<div style=\"height:16px\" aria-hidden=\"true\" class=\"wp-block-spacer\"><\/div>\n\n\n\n<div class=\"wp-block-buttons is-layout-flex wp-block-buttons-is-layout-flex\">\n<div class=\"wp-block-button\"><a class=\"wp-block-button__link wp-element-button\" href=\"https:\/\/www.caffe-cataldi.fr\/fr\/\">Caff\u00e8 Cataldi &#8211; Meilleur torr\u00e9facteur de France<\/a><\/div>\n\n\n\n<div class=\"wp-block-button\"><a class=\"wp-block-button__link wp-element-button\" href=\"https:\/\/www.rezeau.org\/wp-flore\/cichorium-intybus\/\">Flore de Montfort :: <em>Cichorium intybus<\/em>&nbsp;L.<\/a><\/div>\n<\/div>\n\n\n\n<figure class=\"wp-block-image size-full\"><img loading=\"lazy\" decoding=\"async\" width=\"174\" height=\"128\" src=\"https:\/\/www.rezeau.org\/wp-garden\/wp-content\/uploads\/caffe-cataldi-meilleur-torrefacteur-de-france-2010-logo-15212123051.jpg\" alt=\"\" class=\"wp-image-27469\" srcset=\"https:\/\/www.rezeau.org\/wp-garden\/wp-content\/uploads\/caffe-cataldi-meilleur-torrefacteur-de-france-2010-logo-15212123051.jpg 174w, https:\/\/www.rezeau.org\/wp-garden\/wp-content\/uploads\/caffe-cataldi-meilleur-torrefacteur-de-france-2010-logo-15212123051-150x110.jpg 150w\" sizes=\"auto, (max-width: 174px) 100vw, 174px\" \/><\/figure>\n\n\n\n<p>Mon torr\u00e9facteur breton (le meilleur de France en 2010 !) fait m\u00eame des efforts pour l&#8217;\u00e9cologie&nbsp;; il propose une s\u00e9lection de caf\u00e9s du Br\u00e9sil &#8220;<a href=\"https:\/\/www.caffe-cataldi.fr\/fr\/66-importes-a-la-voile\">Import\u00e9s \u00e0 la voile<\/a>&#8220;. Bravo St\u00e9phane !<\/p>\n\n\n\n<p><\/p>\n","protected":false},"excerpt":{"rendered":"<p>Le caf\u00e9, c&#8217;est mal&#8230; la chicor\u00e9e, c&#8217;est bien !<\/p>\n<p class=\"continue-reading-button\"> <a class=\"continue-reading-link\" href=\"https:\/\/www.rezeau.org\/wp-garden\/fr\/le-cafe-cest-mal\/\">Continue reading<i class=\"crycon-right-dir\"><\/i><\/a><\/p>\n","protected":false},"author":2,"featured_media":27458,"comment_status":"closed","ping_status":"closed","sticky":false,"template":"","format":"standard","meta":{"_acf_changed":false,"footnotes":""},"categories":[677],"tags":[3395,2187],"class_list":["post-27455","post","type-post","status-publish","format-standard","has-post-thumbnail","hentry","category-journal-du-jardin","tag-botanique","tag-coup-de-gueule"],"acf":[],"_links":{"self":[{"href":"https:\/\/www.rezeau.org\/wp-garden\/wp-json\/wp\/v2\/posts\/27455","targetHints":{"allow":["GET"]}}],"collection":[{"href":"https:\/\/www.rezeau.org\/wp-garden\/wp-json\/wp\/v2\/posts"}],"about":[{"href":"https:\/\/www.rezeau.org\/wp-garden\/wp-json\/wp\/v2\/types\/post"}],"author":[{"embeddable":true,"href":"https:\/\/www.rezeau.org\/wp-garden\/wp-json\/wp\/v2\/users\/2"}],"replies":[{"embeddable":true,"href":"https:\/\/www.rezeau.org\/wp-garden\/wp-json\/wp\/v2\/comments?post=27455"}],"version-history":[{"count":3,"href":"https:\/\/www.rezeau.org\/wp-garden\/wp-json\/wp\/v2\/posts\/27455\/revisions"}],"predecessor-version":[{"id":27475,"href":"https:\/\/www.rezeau.org\/wp-garden\/wp-json\/wp\/v2\/posts\/27455\/revisions\/27475"}],"wp:featuredmedia":[{"embeddable":true,"href":"https:\/\/www.rezeau.org\/wp-garden\/wp-json\/wp\/v2\/media\/27458"}],"wp:attachment":[{"href":"https:\/\/www.rezeau.org\/wp-garden\/wp-json\/wp\/v2\/media?parent=27455"}],"wp:term":[{"taxonomy":"category","embeddable":true,"href":"https:\/\/www.rezeau.org\/wp-garden\/wp-json\/wp\/v2\/categories?post=27455"},{"taxonomy":"post_tag","embeddable":true,"href":"https:\/\/www.rezeau.org\/wp-garden\/wp-json\/wp\/v2\/tags?post=27455"}],"curies":[{"name":"wp","href":"https:\/\/api.w.org\/{rel}","templated":true}]}}