
{"id":27511,"date":"2025-08-31T16:42:32","date_gmt":"2025-08-31T14:42:32","guid":{"rendered":"https:\/\/www.rezeau.org\/wp-garden\/?p=27511"},"modified":"2025-08-31T23:22:45","modified_gmt":"2025-08-31T21:22:45","slug":"qui-veut-re-faire-le-trottoir","status":"publish","type":"post","link":"https:\/\/www.rezeau.org\/wp-garden\/fr\/qui-veut-re-faire-le-trottoir\/","title":{"rendered":"Qui veut (re-)faire le trottoir ?"},"content":{"rendered":"<div class=\"wp-block-image\">\n<figure class=\"alignleft size-medium\"><a href=\"https:\/\/www.rezeau.org\/wp-garden\/wp-content\/uploads\/L-IMGP2002.jpg\" rel=\"lightbox[27511]\"><img loading=\"lazy\" decoding=\"async\" width=\"300\" height=\"200\" src=\"https:\/\/www.rezeau.org\/wp-garden\/wp-content\/uploads\/L-IMGP2002-300x200.jpg\" alt=\"\" class=\"wp-image-27510\" srcset=\"https:\/\/www.rezeau.org\/wp-garden\/wp-content\/uploads\/L-IMGP2002-300x200.jpg 300w, https:\/\/www.rezeau.org\/wp-garden\/wp-content\/uploads\/L-IMGP2002-768x512.jpg 768w, https:\/\/www.rezeau.org\/wp-garden\/wp-content\/uploads\/L-IMGP2002-400x267.jpg 400w, https:\/\/www.rezeau.org\/wp-garden\/wp-content\/uploads\/L-IMGP2002-150x100.jpg 150w, https:\/\/www.rezeau.org\/wp-garden\/wp-content\/uploads\/L-IMGP2002.jpg 800w\" sizes=\"auto, (max-width: 300px) 100vw, 300px\" \/><\/a><figcaption class=\"wp-element-caption\">24\/08\/2025<\/figcaption><\/figure>\n<\/div>\n\n\n<p>La bordure du trottoir devant la maison est un peu d\u00e9grad\u00e9e, non&nbsp;? Bizarrement c&#8217;est le seul endroit de ma rue o\u00f9 le regard du compteur d&#8217;eau se trouve plac\u00e9 pile poil sur la bordure du trottoir. Du coup, quand un v\u00e9hicule un peu lourd passe dessus, \u00e7a n&#8217;arrange pas les choses. Le couvercle du regard (PANAGEL) s&#8217;est un peu &#8220;ovalis\u00e9&#8221; et ne tient plus en place dans son logement&nbsp;; on le trouve parfois compl\u00e8tement \u00e0 c\u00f4t\u00e9 de la plaque. Voici la petite liste du parcours du combattant pour savoir qui fera (ou ne fera pas) la r\u00e9paration du truc&nbsp;:<\/p>\n\n\n\n<hr class=\"wp-block-separator has-alpha-channel-opacity\"\/>\n\n\n\n<ul class=\"wp-block-list\">\n<li>le service des eaux (Eau du Bassin Rennais) r\u00e9pond (au t\u00e9l\u00e9phone) : voir avec la commune&nbsp;;<\/li>\n\n\n\n<li>contact\u00e9e, la commune r\u00e9pond :\n<ul class=\"wp-block-list\">\n<li>La Commune n\u2019est plus comp\u00e9tente en mati\u00e8re d\u2019eau potable<\/li>\n\n\n\n<li>Veuillez transmettre votre requ\u00eate \u00e0 Montfort Communaut\u00e9 qui est la seule autorit\u00e9 comp\u00e9tente en la mati\u00e8re<\/li>\n<\/ul>\n<\/li>\n\n\n\n<li>contact\u00e9e, la communaut\u00e9 de commune (Montfort Communaut\u00e9) r\u00e9pond :\n<ul class=\"wp-block-list\">\n<li>La comp\u00e9tence \u00ab eau \u00bb ainsi que la gestion du r\u00e9seau ont \u00e9t\u00e9 d\u00e9l\u00e9gu\u00e9es \u00e0 la SPL Eau du Bassin Rennais.<\/li>\n\n\n\n<li>En ce qui concerne le dallage cass\u00e9, cela rel\u00e8ve davantage du domaine de la commune (il me semble).<\/li>\n<\/ul>\n<\/li>\n\n\n\n<li>je r\u00e9ponds \u00e0 la communaut\u00e9 de communes : J&#8217;avais d\u00e9j\u00e0 contact\u00e9 la SPL Eau du Bassin Rennais, qui me dit que ce n&#8217;est pas de leur ressort et me conseille de contacter ma commune. La commune (Montfort) me renvoie vers vous (Montfort Communaut\u00e9). Que faire pour \u00e9viter de &#8220;tourner en rond&#8221;&nbsp;?<\/li>\n\n\n\n<li>la communaut\u00e9 de communes me r\u00e9pond : La voirie communale rel\u00e8ve exclusivement de la comp\u00e9tence de la Ville de Montfort-sur-Meu. \u00c0 ce titre, nous ne sommes pas habilit\u00e9s \u00e0 intervenir sur ce type de travaux. Concernant le mat\u00e9riel, notamment le couvercle, la SPL Eau du Bassin Rennais pourrait \u00e9ventuellement intervenir. En revanche, cela ne concerne pas les pav\u00e9s. Il serait donc pr\u00e9f\u00e9rable de vous rapprocher des deux entit\u00e9s suivantes : \n<ul class=\"wp-block-list\">\n<li><code>La commune, pour tout ce qui concerne la rue pav\u00e9e ;<\/code><\/li>\n\n\n\n<li><code>La SPL Eau du Bassin Rennais, pour le couvercle, si n\u00e9cessaire.<\/code><\/li>\n<\/ul>\n<\/li>\n\n\n\n<li>Conclusion : on tourne en rond, sauf le couvercle du regard du compteur, qui va rester dans l&#8217;ovalit\u00e9.<\/li>\n<\/ul>\n","protected":false},"excerpt":{"rendered":"<p>On tourne en rond, mais le monde ne tourne pas rond&#8230;<\/p>\n<p class=\"continue-reading-button\"> <a class=\"continue-reading-link\" href=\"https:\/\/www.rezeau.org\/wp-garden\/fr\/qui-veut-re-faire-le-trottoir\/\">Continue reading<i class=\"crycon-right-dir\"><\/i><\/a><\/p>\n","protected":false},"author":2,"featured_media":27510,"comment_status":"closed","ping_status":"closed","sticky":false,"template":"","format":"standard","meta":{"_acf_changed":false,"footnotes":""},"categories":[677],"tags":[2187],"class_list":["post-27511","post","type-post","status-publish","format-standard","has-post-thumbnail","hentry","category-journal-du-jardin","tag-coup-de-gueule"],"acf":[],"_links":{"self":[{"href":"https:\/\/www.rezeau.org\/wp-garden\/wp-json\/wp\/v2\/posts\/27511","targetHints":{"allow":["GET"]}}],"collection":[{"href":"https:\/\/www.rezeau.org\/wp-garden\/wp-json\/wp\/v2\/posts"}],"about":[{"href":"https:\/\/www.rezeau.org\/wp-garden\/wp-json\/wp\/v2\/types\/post"}],"author":[{"embeddable":true,"href":"https:\/\/www.rezeau.org\/wp-garden\/wp-json\/wp\/v2\/users\/2"}],"replies":[{"embeddable":true,"href":"https:\/\/www.rezeau.org\/wp-garden\/wp-json\/wp\/v2\/comments?post=27511"}],"version-history":[{"count":3,"href":"https:\/\/www.rezeau.org\/wp-garden\/wp-json\/wp\/v2\/posts\/27511\/revisions"}],"predecessor-version":[{"id":27519,"href":"https:\/\/www.rezeau.org\/wp-garden\/wp-json\/wp\/v2\/posts\/27511\/revisions\/27519"}],"wp:featuredmedia":[{"embeddable":true,"href":"https:\/\/www.rezeau.org\/wp-garden\/wp-json\/wp\/v2\/media\/27510"}],"wp:attachment":[{"href":"https:\/\/www.rezeau.org\/wp-garden\/wp-json\/wp\/v2\/media?parent=27511"}],"wp:term":[{"taxonomy":"category","embeddable":true,"href":"https:\/\/www.rezeau.org\/wp-garden\/wp-json\/wp\/v2\/categories?post=27511"},{"taxonomy":"post_tag","embeddable":true,"href":"https:\/\/www.rezeau.org\/wp-garden\/wp-json\/wp\/v2\/tags?post=27511"}],"curies":[{"name":"wp","href":"https:\/\/api.w.org\/{rel}","templated":true}]}}