
{"id":27532,"date":"2025-09-02T16:18:55","date_gmt":"2025-09-02T14:18:55","guid":{"rendered":"https:\/\/www.rezeau.org\/wp-garden\/?p=27532"},"modified":"2025-09-02T16:21:33","modified_gmt":"2025-09-02T14:21:33","slug":"la-fleur-du-jour-le-begonia","status":"publish","type":"post","link":"https:\/\/www.rezeau.org\/wp-garden\/fr\/la-fleur-du-jour-le-begonia\/","title":{"rendered":"La fleur du jour : le b\u00e9gonia"},"content":{"rendered":"\n<p>C&#8217;est quoi, le b\u00e9gonia ?<\/p>\n\n\n\n<figure class=\"wp-block-image size-full\"><a href=\"https:\/\/www.rezeau.org\/wp-garden\/wp-content\/uploads\/L-IMGP2026.jpg\" rel=\"lightbox[27532]\"><img loading=\"lazy\" decoding=\"async\" width=\"800\" height=\"533\" src=\"https:\/\/www.rezeau.org\/wp-garden\/wp-content\/uploads\/L-IMGP2026.jpg\" alt=\"\" class=\"wp-image-27531\" srcset=\"https:\/\/www.rezeau.org\/wp-garden\/wp-content\/uploads\/L-IMGP2026.jpg 800w, https:\/\/www.rezeau.org\/wp-garden\/wp-content\/uploads\/L-IMGP2026-300x200.jpg 300w, https:\/\/www.rezeau.org\/wp-garden\/wp-content\/uploads\/L-IMGP2026-768x512.jpg 768w, https:\/\/www.rezeau.org\/wp-garden\/wp-content\/uploads\/L-IMGP2026-400x267.jpg 400w, https:\/\/www.rezeau.org\/wp-garden\/wp-content\/uploads\/L-IMGP2026-150x100.jpg 150w\" sizes=\"auto, (max-width: 800px) 100vw, 800px\" \/><\/a><figcaption class=\"wp-element-caption\"><em>Gros plan sur le b\u00e9gonia rose sur la terrasse<\/em><\/figcaption><\/figure>\n\n\n\n<blockquote class=\"wp-block-quote is-layout-flow wp-block-quote-is-layout-flow\">\n<p>Le b\u00e9gonia (Begonia) est une plante originaire des r\u00e9gions tropicales et subtropicales d&#8217;Am\u00e9rique du Sud et centrale, d&#8217;Afrique du Sud et d&#8217;Asie, ce qui explique que cette vivace soit frileuse (-1\u00b0C) et donc cultiv\u00e9e en annuelle en ext\u00e9rieur ou comme plante d&#8217;int\u00e9rieur. Par ailleurs, son nom lui a \u00e9t\u00e9 donn\u00e9 par l\u2019homme qui l\u2019a d\u00e9couvert, Charles Plumier, au XVIII\u00e8me si\u00e8cle lors d\u2019une exp\u00e9dition en Am\u00e9rique du Sud. Il choisit ce nom en l\u2019honneur de Michel B\u00e9gon, administrateur et intendant de Marine mais \u00e9galement collectionneur passionn\u00e9 de botanique, qu&#8217;il avait connu aux Antilles. [Texte copi\u00e9 sur le site Ouest-France Binette &amp; Jardin]<\/p>\n<\/blockquote>\n\n\n\n<p>Aujourd&#8217;hui, papi Jo ne s&#8217;est pas foul\u00e9 pour &#8220;illustrer&#8221; sa photo du jour d&#8217;un petit baratin explicatif. Il a suivi l&#8217;exemple de son ma\u00eetre en jardinage, le c\u00e9l\u00e8bre Alain Baraton, qui commence toutes ses chroniques de La main verte sur France-Inter en lisant (en bafouillant) un petit texte pioch\u00e9 sur internet. Si vous n&#8217;avez rien de mieux \u00e0 faire vous pouvez \u00e9couter justement sa chronique consacr\u00e9e au b\u00e9gonia le Samedi 23 juin 2012.<\/p>\n\n\n\n<hr class=\"wp-block-separator has-alpha-channel-opacity\"\/>\n\n\n<div class=\"wp-block-image\">\n<figure class=\"alignleft size-full is-resized\"><a href=\"https:\/\/binette-et-jardin.ouest-france.fr\/dossier-357-begonia.html\" target=\"_blank\" rel=\" noreferrer noopener\"><img loading=\"lazy\" decoding=\"async\" width=\"322\" height=\"52\" src=\"https:\/\/www.rezeau.org\/wp-garden\/wp-content\/uploads\/binette-et-jardin.jpg\" alt=\"\" class=\"wp-image-27535\" style=\"width:326px;height:auto\" srcset=\"https:\/\/www.rezeau.org\/wp-garden\/wp-content\/uploads\/binette-et-jardin.jpg 322w, https:\/\/www.rezeau.org\/wp-garden\/wp-content\/uploads\/binette-et-jardin-300x48.jpg 300w, https:\/\/www.rezeau.org\/wp-garden\/wp-content\/uploads\/binette-et-jardin-150x24.jpg 150w\" sizes=\"auto, (max-width: 322px) 100vw, 322px\" \/><\/a><figcaption class=\"wp-element-caption\"><em>B\u00e9gonia, pour les espaces semi-ombrag\u00e9s<\/em><\/figcaption><\/figure>\n<\/div>\n\n<div class=\"wp-block-image\">\n<figure class=\"alignleft size-full is-resized\"><a href=\"https:\/\/www.radiofrance.fr\/franceinter\/podcasts\/la-main-verte\/le-begonia-5986052\" target=\"_blank\" rel=\" noreferrer noopener\"><img loading=\"lazy\" decoding=\"async\" width=\"400\" height=\"400\" src=\"https:\/\/www.rezeau.org\/wp-garden\/wp-content\/uploads\/400x400_sc_la-main-verte.jpg\" alt=\"\" class=\"wp-image-27536\" style=\"width:291px;height:auto\" srcset=\"https:\/\/www.rezeau.org\/wp-garden\/wp-content\/uploads\/400x400_sc_la-main-verte.jpg 400w, https:\/\/www.rezeau.org\/wp-garden\/wp-content\/uploads\/400x400_sc_la-main-verte-300x300.jpg 300w, https:\/\/www.rezeau.org\/wp-garden\/wp-content\/uploads\/400x400_sc_la-main-verte-150x150.jpg 150w\" sizes=\"auto, (max-width: 400px) 100vw, 400px\" \/><\/a><figcaption class=\"wp-element-caption\"><em>Alain Baraton s&#8217;int\u00e9resse au b\u00e9gonia.<\/em><\/figcaption><\/figure>\n<\/div>","protected":false},"excerpt":{"rendered":"<p>C&#8217;est quoi, le b\u00e9gonia ?<\/p>\n<p class=\"continue-reading-button\"> <a class=\"continue-reading-link\" href=\"https:\/\/www.rezeau.org\/wp-garden\/fr\/la-fleur-du-jour-le-begonia\/\">Continue reading<i class=\"crycon-right-dir\"><\/i><\/a><\/p>\n","protected":false},"author":2,"featured_media":27531,"comment_status":"closed","ping_status":"closed","sticky":false,"template":"","format":"standard","meta":{"_acf_changed":false,"footnotes":""},"categories":[677],"tags":[3193,3395,3208,4141],"class_list":["post-27532","post","type-post","status-publish","format-standard","has-post-thumbnail","hentry","category-journal-du-jardin","tag-baraton","tag-botanique","tag-floraisons","tag-photo-du-jour"],"acf":[],"_links":{"self":[{"href":"https:\/\/www.rezeau.org\/wp-garden\/wp-json\/wp\/v2\/posts\/27532","targetHints":{"allow":["GET"]}}],"collection":[{"href":"https:\/\/www.rezeau.org\/wp-garden\/wp-json\/wp\/v2\/posts"}],"about":[{"href":"https:\/\/www.rezeau.org\/wp-garden\/wp-json\/wp\/v2\/types\/post"}],"author":[{"embeddable":true,"href":"https:\/\/www.rezeau.org\/wp-garden\/wp-json\/wp\/v2\/users\/2"}],"replies":[{"embeddable":true,"href":"https:\/\/www.rezeau.org\/wp-garden\/wp-json\/wp\/v2\/comments?post=27532"}],"version-history":[{"count":3,"href":"https:\/\/www.rezeau.org\/wp-garden\/wp-json\/wp\/v2\/posts\/27532\/revisions"}],"predecessor-version":[{"id":27542,"href":"https:\/\/www.rezeau.org\/wp-garden\/wp-json\/wp\/v2\/posts\/27532\/revisions\/27542"}],"wp:featuredmedia":[{"embeddable":true,"href":"https:\/\/www.rezeau.org\/wp-garden\/wp-json\/wp\/v2\/media\/27531"}],"wp:attachment":[{"href":"https:\/\/www.rezeau.org\/wp-garden\/wp-json\/wp\/v2\/media?parent=27532"}],"wp:term":[{"taxonomy":"category","embeddable":true,"href":"https:\/\/www.rezeau.org\/wp-garden\/wp-json\/wp\/v2\/categories?post=27532"},{"taxonomy":"post_tag","embeddable":true,"href":"https:\/\/www.rezeau.org\/wp-garden\/wp-json\/wp\/v2\/tags?post=27532"}],"curies":[{"name":"wp","href":"https:\/\/api.w.org\/{rel}","templated":true}]}}