
{"id":27791,"date":"2025-10-11T17:42:44","date_gmt":"2025-10-11T15:42:44","guid":{"rendered":"https:\/\/www.rezeau.org\/wp-garden\/?p=27791"},"modified":"2025-10-11T17:42:44","modified_gmt":"2025-10-11T15:42:44","slug":"de-la-mogette-au-coco-borlotto","status":"publish","type":"post","link":"https:\/\/www.rezeau.org\/wp-garden\/fr\/de-la-mogette-au-coco-borlotto\/","title":{"rendered":"De la mogette au coco Borlotto"},"content":{"rendered":"\n<p>Papi Jo a \u00e9migr\u00e9 de la Vend\u00e9e vers la Bretagne il y a quelques d\u00e9cennies. Il a donc d\u00fb se convertir de mangeur de mogette \u00e0 mangeur de coco (de Paimpol). Sur le march\u00e9 local il a d\u00e9couvert r\u00e9cemment une nouvelle vari\u00e9t\u00e9 de <em>Phaseolus vulgaris<\/em>, le &#8220;coco rose&#8221; ou &#8220;coco marbr\u00e9&#8221; encore appel\u00e9 &#8220;haricot borlotto&#8221;.<\/p>\n\n\n\n<figure class=\"wp-block-image size-full\"><img loading=\"lazy\" decoding=\"async\" width=\"800\" height=\"533\" src=\"https:\/\/www.rezeau.org\/wp-garden\/wp-content\/uploads\/L-IMGP2200.jpg\" alt=\"\" class=\"wp-image-27783\" srcset=\"https:\/\/www.rezeau.org\/wp-garden\/wp-content\/uploads\/L-IMGP2200.jpg 800w, https:\/\/www.rezeau.org\/wp-garden\/wp-content\/uploads\/L-IMGP2200-300x200.jpg 300w, https:\/\/www.rezeau.org\/wp-garden\/wp-content\/uploads\/L-IMGP2200-768x512.jpg 768w, https:\/\/www.rezeau.org\/wp-garden\/wp-content\/uploads\/L-IMGP2200-400x267.jpg 400w, https:\/\/www.rezeau.org\/wp-garden\/wp-content\/uploads\/L-IMGP2200-150x100.jpg 150w\" sizes=\"auto, (max-width: 800px) 100vw, 800px\" \/><figcaption class=\"wp-element-caption\">Le &#8220;coco rose&#8221; sur le march\u00e9 du vendredi<\/figcaption><\/figure>\n\n\n\n<blockquote class=\"wp-block-quote is-layout-flow wp-block-quote-is-layout-flow\">\n<p>Comme tous les haricots, le haricot borlotto ou borlotti au pluriel est originaire d&#8217;Am\u00e9rique du sud et appartient \u00e0 la famille des Fabac\u00e9es. C&#8217;est une vari\u00e9t\u00e9 du haricot commun (Phaseolus vulgaris) et c&#8217;est la l\u00e9gumineuse la plus cultiv\u00e9e et consomm\u00e9e en Italie.<br>On le reconnait \u00e0 sa taille moyenne, sa forme l\u00e9g\u00e8rement aplatie et ses graines blanches avec des stries rouges et violettes, renferm\u00e9es dans une gousse couleur cr\u00e8me, parsem\u00e9e de taches ou de stries rouges ou roses. Un vrai plaisir pour les yeux !<br>Tr\u00e8s pris\u00e9s par les italiens pour leur saveur fine et l\u00e9g\u00e8rement noisette, les haricots borlotti sont \u00e9galement couramment consomm\u00e9s en Gr\u00e8ce, au Portugal et en Espagne.<\/p>\n<\/blockquote>\n\n\n\n<p><a href=\"https:\/\/chefsimon.com\/articles\/produits-le-haricot-borlotti\">https:\/\/chefsimon.com\/articles\/produits-le-haricot-borlotti<\/a><\/p>\n","protected":false},"excerpt":{"rendered":"<p>Papi Jo a \u00e9migr\u00e9 de la Vend\u00e9e vers la Bretagne il y a quelques d\u00e9cennies. Il a donc d\u00fb se convertir de mangeur de mogette \u00e0 mangeur de coco (de Paimpol). Sur le march\u00e9 local il a d\u00e9couvert r\u00e9cemment une nouvelle vari\u00e9t\u00e9 de Phaseolus vulgaris, le &#8220;coco rose&#8221; ou &#8220;coco&#8230;<\/p>\n<p class=\"continue-reading-button\"> <a class=\"continue-reading-link\" href=\"https:\/\/www.rezeau.org\/wp-garden\/fr\/de-la-mogette-au-coco-borlotto\/\">Continue reading<i class=\"crycon-right-dir\"><\/i><\/a><\/p>\n","protected":false},"author":2,"featured_media":27783,"comment_status":"closed","ping_status":"closed","sticky":false,"template":"","format":"standard","meta":{"_acf_changed":false,"footnotes":""},"categories":[677],"tags":[2487],"class_list":["post-27791","post","type-post","status-publish","format-standard","has-post-thumbnail","hentry","category-journal-du-jardin","tag-insolite"],"acf":[],"_links":{"self":[{"href":"https:\/\/www.rezeau.org\/wp-garden\/wp-json\/wp\/v2\/posts\/27791","targetHints":{"allow":["GET"]}}],"collection":[{"href":"https:\/\/www.rezeau.org\/wp-garden\/wp-json\/wp\/v2\/posts"}],"about":[{"href":"https:\/\/www.rezeau.org\/wp-garden\/wp-json\/wp\/v2\/types\/post"}],"author":[{"embeddable":true,"href":"https:\/\/www.rezeau.org\/wp-garden\/wp-json\/wp\/v2\/users\/2"}],"replies":[{"embeddable":true,"href":"https:\/\/www.rezeau.org\/wp-garden\/wp-json\/wp\/v2\/comments?post=27791"}],"version-history":[{"count":1,"href":"https:\/\/www.rezeau.org\/wp-garden\/wp-json\/wp\/v2\/posts\/27791\/revisions"}],"predecessor-version":[{"id":27792,"href":"https:\/\/www.rezeau.org\/wp-garden\/wp-json\/wp\/v2\/posts\/27791\/revisions\/27792"}],"wp:featuredmedia":[{"embeddable":true,"href":"https:\/\/www.rezeau.org\/wp-garden\/wp-json\/wp\/v2\/media\/27783"}],"wp:attachment":[{"href":"https:\/\/www.rezeau.org\/wp-garden\/wp-json\/wp\/v2\/media?parent=27791"}],"wp:term":[{"taxonomy":"category","embeddable":true,"href":"https:\/\/www.rezeau.org\/wp-garden\/wp-json\/wp\/v2\/categories?post=27791"},{"taxonomy":"post_tag","embeddable":true,"href":"https:\/\/www.rezeau.org\/wp-garden\/wp-json\/wp\/v2\/tags?post=27791"}],"curies":[{"name":"wp","href":"https:\/\/api.w.org\/{rel}","templated":true}]}}