
{"id":27803,"date":"2025-10-15T16:53:56","date_gmt":"2025-10-15T14:53:56","guid":{"rendered":"https:\/\/www.rezeau.org\/wp-garden\/?p=27803"},"modified":"2025-10-15T16:53:56","modified_gmt":"2025-10-15T14:53:56","slug":"fleur-des-elfes-en-feuilles","status":"publish","type":"post","link":"https:\/\/www.rezeau.org\/wp-garden\/fr\/fleur-des-elfes-en-feuilles\/","title":{"rendered":"Fleur des elfes &#8230; en feuilles"},"content":{"rendered":"\n<p>La floraison de cette plante est bien jolie mais tr\u00e8s br\u00e8ve. Heureusement le reste de l&#8217;ann\u00e9e le feuillage reste d\u00e9coratif et changeant. En ce moment il arbore des tons cuivr\u00e9s et pourpr\u00e9s.<\/p>\n\n\n\n<figure class=\"wp-block-gallery has-nested-images columns-default is-cropped wp-block-gallery-1 is-layout-flex wp-block-gallery-is-layout-flex\">\n<figure class=\"wp-block-image size-large\"><a href=\"https:\/\/www.rezeau.org\/wp-garden\/wp-content\/uploads\/Epimedium-x-versicolor-Sulphureum-03-03-2021.jpg\" rel=\"lightbox[27803]\"><img loading=\"lazy\" decoding=\"async\" width=\"800\" height=\"600\" data-id=\"19070\" src=\"https:\/\/www.rezeau.org\/wp-garden\/wp-content\/uploads\/Epimedium-x-versicolor-Sulphureum-03-03-2021.jpg\" alt=\"D\u00e9but floraison mars 2021\" class=\"wp-image-19070\" srcset=\"https:\/\/www.rezeau.org\/wp-garden\/wp-content\/uploads\/Epimedium-x-versicolor-Sulphureum-03-03-2021.jpg 800w, https:\/\/www.rezeau.org\/wp-garden\/wp-content\/uploads\/Epimedium-x-versicolor-Sulphureum-03-03-2021-300x225.jpg 300w, https:\/\/www.rezeau.org\/wp-garden\/wp-content\/uploads\/Epimedium-x-versicolor-Sulphureum-03-03-2021-768x576.jpg 768w, https:\/\/www.rezeau.org\/wp-garden\/wp-content\/uploads\/Epimedium-x-versicolor-Sulphureum-03-03-2021-400x300.jpg 400w, https:\/\/www.rezeau.org\/wp-garden\/wp-content\/uploads\/Epimedium-x-versicolor-Sulphureum-03-03-2021-150x113.jpg 150w\" sizes=\"auto, (max-width: 800px) 100vw, 800px\" \/><\/a><figcaption class=\"wp-element-caption\">03\/03\/2021<\/figcaption><\/figure>\n\n\n\n<figure class=\"wp-block-image size-large\"><a href=\"https:\/\/www.rezeau.org\/wp-garden\/wp-content\/uploads\/Epimedium-x-versicolor-Sulphureum-17-03-2019.jpg\" rel=\"lightbox[27803]\"><img loading=\"lazy\" decoding=\"async\" width=\"800\" height=\"600\" data-id=\"11658\" src=\"https:\/\/www.rezeau.org\/wp-garden\/wp-content\/uploads\/Epimedium-x-versicolor-Sulphureum-17-03-2019.jpg\" alt=\"Floraison de mars 2019\" class=\"wp-image-11658\" srcset=\"https:\/\/www.rezeau.org\/wp-garden\/wp-content\/uploads\/Epimedium-x-versicolor-Sulphureum-17-03-2019.jpg 800w, https:\/\/www.rezeau.org\/wp-garden\/wp-content\/uploads\/Epimedium-x-versicolor-Sulphureum-17-03-2019-300x225.jpg 300w, https:\/\/www.rezeau.org\/wp-garden\/wp-content\/uploads\/Epimedium-x-versicolor-Sulphureum-17-03-2019-768x576.jpg 768w\" sizes=\"auto, (max-width: 800px) 100vw, 800px\" \/><\/a><figcaption class=\"wp-element-caption\">17\/03\/2019<\/figcaption><\/figure>\n\n\n\n<figure class=\"wp-block-image size-large\"><a href=\"https:\/\/www.rezeau.org\/wp-garden\/wp-content\/uploads\/Epimedium-x-versicolor-Sulphureum-01-05-2015.jpg\" rel=\"lightbox[27803]\"><img loading=\"lazy\" decoding=\"async\" width=\"800\" height=\"533\" data-id=\"1699\" src=\"https:\/\/www.rezeau.org\/wp-garden\/wp-content\/uploads\/Epimedium-x-versicolor-Sulphureum-01-05-2015.jpg\" alt=\"<em&gt;Epimedium x versicolor<\/em&gt; 'Sulphureum' 01\/05\/2015\" class=\"wp-image-1699\" srcset=\"https:\/\/www.rezeau.org\/wp-garden\/wp-content\/uploads\/Epimedium-x-versicolor-Sulphureum-01-05-2015.jpg 800w, https:\/\/www.rezeau.org\/wp-garden\/wp-content\/uploads\/Epimedium-x-versicolor-Sulphureum-01-05-2015-300x200.jpg 300w\" sizes=\"auto, (max-width: 800px) 100vw, 800px\" \/><\/a><figcaption class=\"wp-element-caption\">01\/05\/2015<\/figcaption><\/figure>\n\n\n\n<figure class=\"wp-block-image size-large\"><a href=\"https:\/\/www.rezeau.org\/wp-garden\/wp-content\/uploads\/Epimedium-x-versicolor-\u2018Sulphureum\u2019-02-05-2016.jpg\" rel=\"lightbox[27803]\"><img loading=\"lazy\" decoding=\"async\" width=\"800\" height=\"530\" data-id=\"4390\" src=\"https:\/\/www.rezeau.org\/wp-garden\/wp-content\/uploads\/Epimedium-x-versicolor-\u2018Sulphureum\u2019-02-05-2016.jpg\" alt=\"Diam\u00e8tre touffe : 65 cm\" class=\"wp-image-4390\" srcset=\"https:\/\/www.rezeau.org\/wp-garden\/wp-content\/uploads\/Epimedium-x-versicolor-\u2018Sulphureum\u2019-02-05-2016.jpg 800w, https:\/\/www.rezeau.org\/wp-garden\/wp-content\/uploads\/Epimedium-x-versicolor-\u2018Sulphureum\u2019-02-05-2016-300x199.jpg 300w, https:\/\/www.rezeau.org\/wp-garden\/wp-content\/uploads\/Epimedium-x-versicolor-\u2018Sulphureum\u2019-02-05-2016-768x509.jpg 768w\" sizes=\"auto, (max-width: 800px) 100vw, 800px\" \/><\/a><figcaption class=\"wp-element-caption\">02\/05\/2016<\/figcaption><\/figure>\n<figcaption class=\"blocks-gallery-caption wp-element-caption\"><em>Epimedium x versicolor<\/em> &#8216;Sulphureum&#8217; <\/figcaption><\/figure>\n","protected":false},"excerpt":{"rendered":"<p>La floraison de cette plante est bien jolie mais tr\u00e8s br\u00e8ve. Heureusement le reste de l&#8217;ann\u00e9e le feuillage reste d\u00e9coratif et changeant. En ce moment il arbore des tons cuivr\u00e9s et pourpr\u00e9s.<\/p>\n<p class=\"continue-reading-button\"> <a class=\"continue-reading-link\" href=\"https:\/\/www.rezeau.org\/wp-garden\/fr\/fleur-des-elfes-en-feuilles\/\">Continue reading<i class=\"crycon-right-dir\"><\/i><\/a><\/p>\n","protected":false},"author":2,"featured_media":27787,"comment_status":"closed","ping_status":"closed","sticky":false,"template":"","format":"standard","meta":{"_acf_changed":false,"footnotes":""},"categories":[677],"tags":[],"class_list":["post-27803","post","type-post","status-publish","format-standard","has-post-thumbnail","hentry","category-journal-du-jardin"],"acf":[],"_links":{"self":[{"href":"https:\/\/www.rezeau.org\/wp-garden\/wp-json\/wp\/v2\/posts\/27803","targetHints":{"allow":["GET"]}}],"collection":[{"href":"https:\/\/www.rezeau.org\/wp-garden\/wp-json\/wp\/v2\/posts"}],"about":[{"href":"https:\/\/www.rezeau.org\/wp-garden\/wp-json\/wp\/v2\/types\/post"}],"author":[{"embeddable":true,"href":"https:\/\/www.rezeau.org\/wp-garden\/wp-json\/wp\/v2\/users\/2"}],"replies":[{"embeddable":true,"href":"https:\/\/www.rezeau.org\/wp-garden\/wp-json\/wp\/v2\/comments?post=27803"}],"version-history":[{"count":1,"href":"https:\/\/www.rezeau.org\/wp-garden\/wp-json\/wp\/v2\/posts\/27803\/revisions"}],"predecessor-version":[{"id":27804,"href":"https:\/\/www.rezeau.org\/wp-garden\/wp-json\/wp\/v2\/posts\/27803\/revisions\/27804"}],"wp:featuredmedia":[{"embeddable":true,"href":"https:\/\/www.rezeau.org\/wp-garden\/wp-json\/wp\/v2\/media\/27787"}],"wp:attachment":[{"href":"https:\/\/www.rezeau.org\/wp-garden\/wp-json\/wp\/v2\/media?parent=27803"}],"wp:term":[{"taxonomy":"category","embeddable":true,"href":"https:\/\/www.rezeau.org\/wp-garden\/wp-json\/wp\/v2\/categories?post=27803"},{"taxonomy":"post_tag","embeddable":true,"href":"https:\/\/www.rezeau.org\/wp-garden\/wp-json\/wp\/v2\/tags?post=27803"}],"curies":[{"name":"wp","href":"https:\/\/api.w.org\/{rel}","templated":true}]}}