
{"id":27814,"date":"2025-10-17T16:23:41","date_gmt":"2025-10-17T14:23:41","guid":{"rendered":"https:\/\/www.rezeau.org\/wp-garden\/?p=27814"},"modified":"2025-10-17T16:25:48","modified_gmt":"2025-10-17T14:25:48","slug":"saxifrages-du-japon","status":"publish","type":"post","link":"https:\/\/www.rezeau.org\/wp-garden\/fr\/saxifrages-du-japon\/","title":{"rendered":"Saxifrages du Japon"},"content":{"rendered":"\n<p>Saxifrages du Japon &#8230; et du jour !<\/p>\n\n\n\n<figure class=\"wp-block-gallery has-nested-images columns-default is-cropped wp-block-gallery-1 is-layout-flex wp-block-gallery-is-layout-flex\">\n<figure class=\"wp-block-image size-large\"><a href=\"https:\/\/www.rezeau.org\/wp-garden\/wp-content\/uploads\/Saxifraga-fortunei-var.-incisolobata-Tama-botan-17-10-2025-2.jpg\" rel=\"lightbox[27814]\"><img loading=\"lazy\" decoding=\"async\" width=\"800\" height=\"533\" data-id=\"27811\" src=\"https:\/\/www.rezeau.org\/wp-garden\/wp-content\/uploads\/Saxifraga-fortunei-var.-incisolobata-Tama-botan-17-10-2025-2.jpg\" alt=\"Fleur - gros plan - octobre 2025\" class=\"wp-image-27811\" srcset=\"https:\/\/www.rezeau.org\/wp-garden\/wp-content\/uploads\/Saxifraga-fortunei-var.-incisolobata-Tama-botan-17-10-2025-2.jpg 800w, https:\/\/www.rezeau.org\/wp-garden\/wp-content\/uploads\/Saxifraga-fortunei-var.-incisolobata-Tama-botan-17-10-2025-2-300x200.jpg 300w, https:\/\/www.rezeau.org\/wp-garden\/wp-content\/uploads\/Saxifraga-fortunei-var.-incisolobata-Tama-botan-17-10-2025-2-768x512.jpg 768w, https:\/\/www.rezeau.org\/wp-garden\/wp-content\/uploads\/Saxifraga-fortunei-var.-incisolobata-Tama-botan-17-10-2025-2-400x267.jpg 400w, https:\/\/www.rezeau.org\/wp-garden\/wp-content\/uploads\/Saxifraga-fortunei-var.-incisolobata-Tama-botan-17-10-2025-2-150x100.jpg 150w\" sizes=\"auto, (max-width: 800px) 100vw, 800px\" \/><\/a><figcaption class=\"wp-element-caption\"><em>Saxifraga fortunei var. incisolobata<\/em> &#8216;Tama botan&#8217; 17\/10\/2025<\/figcaption><\/figure>\n\n\n\n<figure class=\"wp-block-image size-large\"><a href=\"https:\/\/www.rezeau.org\/wp-garden\/wp-content\/uploads\/Saxifraga-fortunei-var.-incisolobata-Tama-botan-17-10-2025.jpg\" rel=\"lightbox[27814]\"><img loading=\"lazy\" decoding=\"async\" width=\"800\" height=\"533\" data-id=\"27810\" src=\"https:\/\/www.rezeau.org\/wp-garden\/wp-content\/uploads\/Saxifraga-fortunei-var.-incisolobata-Tama-botan-17-10-2025.jpg\" alt=\"Fleur - gros plan - octobre 2025\" class=\"wp-image-27810\" srcset=\"https:\/\/www.rezeau.org\/wp-garden\/wp-content\/uploads\/Saxifraga-fortunei-var.-incisolobata-Tama-botan-17-10-2025.jpg 800w, https:\/\/www.rezeau.org\/wp-garden\/wp-content\/uploads\/Saxifraga-fortunei-var.-incisolobata-Tama-botan-17-10-2025-300x200.jpg 300w, https:\/\/www.rezeau.org\/wp-garden\/wp-content\/uploads\/Saxifraga-fortunei-var.-incisolobata-Tama-botan-17-10-2025-768x512.jpg 768w, https:\/\/www.rezeau.org\/wp-garden\/wp-content\/uploads\/Saxifraga-fortunei-var.-incisolobata-Tama-botan-17-10-2025-400x267.jpg 400w, https:\/\/www.rezeau.org\/wp-garden\/wp-content\/uploads\/Saxifraga-fortunei-var.-incisolobata-Tama-botan-17-10-2025-150x100.jpg 150w\" sizes=\"auto, (max-width: 800px) 100vw, 800px\" \/><\/a><figcaption class=\"wp-element-caption\"><em>Saxifraga fortunei var. incisolobata<\/em> &#8216;Tama botan&#8217; 17\/10\/2025<\/figcaption><\/figure>\n\n\n\n<figure class=\"wp-block-image size-large\"><a href=\"https:\/\/www.rezeau.org\/wp-garden\/wp-content\/uploads\/Saxifraga-fortunei-x-Shiratama-17-10-2025-2.jpg\" rel=\"lightbox[27814]\"><img loading=\"lazy\" decoding=\"async\" width=\"800\" height=\"533\" data-id=\"27809\" src=\"https:\/\/www.rezeau.org\/wp-garden\/wp-content\/uploads\/Saxifraga-fortunei-x-Shiratama-17-10-2025-2.jpg\" alt=\"Curieux feuillage \u00e0 petits picots !\" class=\"wp-image-27809\" srcset=\"https:\/\/www.rezeau.org\/wp-garden\/wp-content\/uploads\/Saxifraga-fortunei-x-Shiratama-17-10-2025-2.jpg 800w, https:\/\/www.rezeau.org\/wp-garden\/wp-content\/uploads\/Saxifraga-fortunei-x-Shiratama-17-10-2025-2-300x200.jpg 300w, https:\/\/www.rezeau.org\/wp-garden\/wp-content\/uploads\/Saxifraga-fortunei-x-Shiratama-17-10-2025-2-768x512.jpg 768w, https:\/\/www.rezeau.org\/wp-garden\/wp-content\/uploads\/Saxifraga-fortunei-x-Shiratama-17-10-2025-2-400x267.jpg 400w, https:\/\/www.rezeau.org\/wp-garden\/wp-content\/uploads\/Saxifraga-fortunei-x-Shiratama-17-10-2025-2-150x100.jpg 150w\" sizes=\"auto, (max-width: 800px) 100vw, 800px\" \/><\/a><figcaption class=\"wp-element-caption\"><em>Saxifraga fortunei x<\/em> &#8216;Shiratama&#8217; 17\/10\/2025<\/figcaption><\/figure>\n\n\n\n<figure class=\"wp-block-image size-large\"><a href=\"https:\/\/www.rezeau.org\/wp-garden\/wp-content\/uploads\/Saxifraga-fortunei-x-Shiratama-17-10-2025.jpg\" rel=\"lightbox[27814]\"><img loading=\"lazy\" decoding=\"async\" width=\"800\" height=\"533\" data-id=\"27808\" src=\"https:\/\/www.rezeau.org\/wp-garden\/wp-content\/uploads\/Saxifraga-fortunei-x-Shiratama-17-10-2025.jpg\" alt=\"Fleur (gros plan)\" class=\"wp-image-27808\" srcset=\"https:\/\/www.rezeau.org\/wp-garden\/wp-content\/uploads\/Saxifraga-fortunei-x-Shiratama-17-10-2025.jpg 800w, https:\/\/www.rezeau.org\/wp-garden\/wp-content\/uploads\/Saxifraga-fortunei-x-Shiratama-17-10-2025-300x200.jpg 300w, https:\/\/www.rezeau.org\/wp-garden\/wp-content\/uploads\/Saxifraga-fortunei-x-Shiratama-17-10-2025-768x512.jpg 768w, https:\/\/www.rezeau.org\/wp-garden\/wp-content\/uploads\/Saxifraga-fortunei-x-Shiratama-17-10-2025-400x267.jpg 400w, https:\/\/www.rezeau.org\/wp-garden\/wp-content\/uploads\/Saxifraga-fortunei-x-Shiratama-17-10-2025-150x100.jpg 150w\" sizes=\"auto, (max-width: 800px) 100vw, 800px\" \/><\/a><figcaption class=\"wp-element-caption\"><em>Saxifraga fortunei x<\/em> &#8216;Shiratama&#8217; 17\/10\/2025<\/figcaption><\/figure>\n<\/figure>\n\n\n\n<div style=\"height:41px\" aria-hidden=\"true\" class=\"wp-block-spacer\"><\/div>\n\n\n\n<p>Une saxifrage \u00e0 la floraison particuli\u00e8re<\/p>\n\n\n\n<blockquote class=\"wp-block-quote is-layout-flow wp-block-quote-is-layout-flow\">\n<p>La premi\u00e8re caract\u00e9ristique de ces Saxifrages du Japon r\u00e9side dans leur floraison automnale (alors que les autres fleurissent au printemps ou en \u00e9t\u00e9). En effet, les fleurs de Saxifraga fortunei \u00e9closent entre septembre et d\u00e9cembre, \u00e0 une p\u00e9riode o\u00f9 le jardin est bien pauvre en couleurs. Elles jettent ainsi sur les zones les plus sombres des taches de rose, de rouge ou de blanc, des teintes bienvenues en cette saison. Associ\u00e9s \u00e0 des vivaces au feuillage remarquable comme les heuch\u00e8res, les foug\u00e8res et les hostas, elles sont divines. Mais leur sp\u00e9cificit\u00e9 ne s&#8217;arr\u00eate pas \u00e0 leur p\u00e9riode de floraison ! Saxifraga fortunei b\u00e9n\u00e9ficie aussi d&#8217;une floraison \u00e9tonnante par sa structure. Les fleurs \u00e0 5 p\u00e9tales et 5 s\u00e9pales, tout en sophistication raffin\u00e9e, sont plus ou moins asym\u00e9triques. De m\u00eame, certaines fleurs se dressent largement au-dessus du feuillage pour affirmer leur pr\u00e9sence, d&#8217;autres semblent se reposer sur le feuillage. Les p\u00e9tales sont parfois incurv\u00e9s, doubles, extraordinairement longs\u2026<\/p>\n<\/blockquote>\n\n\n\n<p><a href=\"https:\/\/www.le-chatel-des-vivaces.com\/160-saxifrage\">https:\/\/www.le-chatel-des-vivaces.com\/160-saxifrage<\/a><\/p>\n","protected":false},"excerpt":{"rendered":"<p>Saxifrages du Japon &#8230; et du jour !<\/p>\n<p class=\"continue-reading-button\"> <a class=\"continue-reading-link\" href=\"https:\/\/www.rezeau.org\/wp-garden\/fr\/saxifrages-du-japon\/\">Continue reading<i class=\"crycon-right-dir\"><\/i><\/a><\/p>\n","protected":false},"author":2,"featured_media":27811,"comment_status":"closed","ping_status":"closed","sticky":false,"template":"","format":"standard","meta":{"_acf_changed":false,"footnotes":""},"categories":[677],"tags":[3208],"class_list":["post-27814","post","type-post","status-publish","format-standard","has-post-thumbnail","hentry","category-journal-du-jardin","tag-floraisons"],"acf":[],"_links":{"self":[{"href":"https:\/\/www.rezeau.org\/wp-garden\/wp-json\/wp\/v2\/posts\/27814","targetHints":{"allow":["GET"]}}],"collection":[{"href":"https:\/\/www.rezeau.org\/wp-garden\/wp-json\/wp\/v2\/posts"}],"about":[{"href":"https:\/\/www.rezeau.org\/wp-garden\/wp-json\/wp\/v2\/types\/post"}],"author":[{"embeddable":true,"href":"https:\/\/www.rezeau.org\/wp-garden\/wp-json\/wp\/v2\/users\/2"}],"replies":[{"embeddable":true,"href":"https:\/\/www.rezeau.org\/wp-garden\/wp-json\/wp\/v2\/comments?post=27814"}],"version-history":[{"count":3,"href":"https:\/\/www.rezeau.org\/wp-garden\/wp-json\/wp\/v2\/posts\/27814\/revisions"}],"predecessor-version":[{"id":27821,"href":"https:\/\/www.rezeau.org\/wp-garden\/wp-json\/wp\/v2\/posts\/27814\/revisions\/27821"}],"wp:featuredmedia":[{"embeddable":true,"href":"https:\/\/www.rezeau.org\/wp-garden\/wp-json\/wp\/v2\/media\/27811"}],"wp:attachment":[{"href":"https:\/\/www.rezeau.org\/wp-garden\/wp-json\/wp\/v2\/media?parent=27814"}],"wp:term":[{"taxonomy":"category","embeddable":true,"href":"https:\/\/www.rezeau.org\/wp-garden\/wp-json\/wp\/v2\/categories?post=27814"},{"taxonomy":"post_tag","embeddable":true,"href":"https:\/\/www.rezeau.org\/wp-garden\/wp-json\/wp\/v2\/tags?post=27814"}],"curies":[{"name":"wp","href":"https:\/\/api.w.org\/{rel}","templated":true}]}}