
{"id":27830,"date":"2025-10-18T19:00:00","date_gmt":"2025-10-18T17:00:00","guid":{"rendered":"https:\/\/www.rezeau.org\/wp-garden\/?p=27830"},"modified":"2025-10-19T19:46:28","modified_gmt":"2025-10-19T17:46:28","slug":"visite-du-jour-a-lehon","status":"publish","type":"post","link":"https:\/\/www.rezeau.org\/wp-garden\/fr\/visite-du-jour-a-lehon\/","title":{"rendered":"Visite du jour \u00e0 L\u00e9hon"},"content":{"rendered":"\n<p>Belle journ\u00e9e d&#8217;automne, belle exposition artistique dans tr\u00e8s belle abbaye de L\u00e9hon. Vu notre mosa\u00efste pr\u00e9f\u00e9r\u00e9e, <a href=\"https:\/\/www.latelierdeslucioles.fr\/intervenants\/paulina-okurowska\/\">Paulina Okurowska<\/a>, une artiste de grand talent.<\/p>\n\n\n\n<figure class=\"wp-block-gallery has-nested-images columns-default is-cropped wp-block-gallery-1 is-layout-flex wp-block-gallery-is-layout-flex\">\n<figure class=\"wp-block-image size-large\"><img loading=\"lazy\" decoding=\"async\" width=\"418\" height=\"591\" data-id=\"27829\" src=\"https:\/\/www.rezeau.org\/wp-garden\/wp-content\/uploads\/Vibrationvisuelsite1.jpg\" alt=\"\" class=\"wp-image-27829\" srcset=\"https:\/\/www.rezeau.org\/wp-garden\/wp-content\/uploads\/Vibrationvisuelsite1.jpg 418w, https:\/\/www.rezeau.org\/wp-garden\/wp-content\/uploads\/Vibrationvisuelsite1-212x300.jpg 212w, https:\/\/www.rezeau.org\/wp-garden\/wp-content\/uploads\/Vibrationvisuelsite1-400x566.jpg 400w, https:\/\/www.rezeau.org\/wp-garden\/wp-content\/uploads\/Vibrationvisuelsite1-106x150.jpg 106w\" sizes=\"auto, (max-width: 418px) 100vw, 418px\" \/><\/figure>\n\n\n\n<figure class=\"wp-block-image size-large\"><img loading=\"lazy\" decoding=\"async\" width=\"533\" height=\"800\" data-id=\"27827\" src=\"https:\/\/www.rezeau.org\/wp-garden\/wp-content\/uploads\/20251018_114151.jpg\" alt=\"\" class=\"wp-image-27827\" srcset=\"https:\/\/www.rezeau.org\/wp-garden\/wp-content\/uploads\/20251018_114151.jpg 533w, https:\/\/www.rezeau.org\/wp-garden\/wp-content\/uploads\/20251018_114151-200x300.jpg 200w, https:\/\/www.rezeau.org\/wp-garden\/wp-content\/uploads\/20251018_114151-400x600.jpg 400w, https:\/\/www.rezeau.org\/wp-garden\/wp-content\/uploads\/20251018_114151-100x150.jpg 100w\" sizes=\"auto, (max-width: 533px) 100vw, 533px\" \/><figcaption class=\"wp-element-caption\">18\/10\/2025<\/figcaption><\/figure>\n\n\n\n<figure class=\"wp-block-image size-large\"><img loading=\"lazy\" decoding=\"async\" width=\"533\" height=\"800\" data-id=\"27826\" src=\"https:\/\/www.rezeau.org\/wp-garden\/wp-content\/uploads\/20251018_114301.jpg\" alt=\"\" class=\"wp-image-27826\" srcset=\"https:\/\/www.rezeau.org\/wp-garden\/wp-content\/uploads\/20251018_114301.jpg 533w, https:\/\/www.rezeau.org\/wp-garden\/wp-content\/uploads\/20251018_114301-200x300.jpg 200w, https:\/\/www.rezeau.org\/wp-garden\/wp-content\/uploads\/20251018_114301-400x600.jpg 400w, https:\/\/www.rezeau.org\/wp-garden\/wp-content\/uploads\/20251018_114301-100x150.jpg 100w\" sizes=\"auto, (max-width: 533px) 100vw, 533px\" \/><figcaption class=\"wp-element-caption\">18\/10\/2025<\/figcaption><\/figure>\n\n\n\n<figure class=\"wp-block-image size-large\"><img loading=\"lazy\" decoding=\"async\" width=\"800\" height=\"450\" data-id=\"27825\" src=\"https:\/\/www.rezeau.org\/wp-garden\/wp-content\/uploads\/20251018_114827.jpg\" alt=\"\" class=\"wp-image-27825\" srcset=\"https:\/\/www.rezeau.org\/wp-garden\/wp-content\/uploads\/20251018_114827.jpg 800w, https:\/\/www.rezeau.org\/wp-garden\/wp-content\/uploads\/20251018_114827-300x169.jpg 300w, https:\/\/www.rezeau.org\/wp-garden\/wp-content\/uploads\/20251018_114827-768x432.jpg 768w, https:\/\/www.rezeau.org\/wp-garden\/wp-content\/uploads\/20251018_114827-400x225.jpg 400w, https:\/\/www.rezeau.org\/wp-garden\/wp-content\/uploads\/20251018_114827-150x84.jpg 150w\" sizes=\"auto, (max-width: 800px) 100vw, 800px\" \/><figcaption class=\"wp-element-caption\"><strong><mark><mark style=\"background-color:#000000\" class=\"has-inline-color has-white-color\">Paulina Okurowska<\/mark><\/mark><\/strong><\/figcaption><\/figure>\n<\/figure>\n","protected":false},"excerpt":{"rendered":"<p>Belle journ\u00e9e d&#8217;automne, belle exposition artistique dans tr\u00e8s belle abbaye de L\u00e9hon. Vu notre mosa\u00efste pr\u00e9f\u00e9r\u00e9e, Paulina Okurowska, une artiste de grand talent.<\/p>\n<p class=\"continue-reading-button\"> <a class=\"continue-reading-link\" href=\"https:\/\/www.rezeau.org\/wp-garden\/fr\/visite-du-jour-a-lehon\/\">Continue reading<i class=\"crycon-right-dir\"><\/i><\/a><\/p>\n","protected":false},"author":2,"featured_media":27829,"comment_status":"closed","ping_status":"closed","sticky":false,"template":"","format":"standard","meta":{"_acf_changed":false,"footnotes":""},"categories":[677],"tags":[],"class_list":["post-27830","post","type-post","status-publish","format-standard","has-post-thumbnail","hentry","category-journal-du-jardin"],"acf":[],"_links":{"self":[{"href":"https:\/\/www.rezeau.org\/wp-garden\/wp-json\/wp\/v2\/posts\/27830","targetHints":{"allow":["GET"]}}],"collection":[{"href":"https:\/\/www.rezeau.org\/wp-garden\/wp-json\/wp\/v2\/posts"}],"about":[{"href":"https:\/\/www.rezeau.org\/wp-garden\/wp-json\/wp\/v2\/types\/post"}],"author":[{"embeddable":true,"href":"https:\/\/www.rezeau.org\/wp-garden\/wp-json\/wp\/v2\/users\/2"}],"replies":[{"embeddable":true,"href":"https:\/\/www.rezeau.org\/wp-garden\/wp-json\/wp\/v2\/comments?post=27830"}],"version-history":[{"count":2,"href":"https:\/\/www.rezeau.org\/wp-garden\/wp-json\/wp\/v2\/posts\/27830\/revisions"}],"predecessor-version":[{"id":27832,"href":"https:\/\/www.rezeau.org\/wp-garden\/wp-json\/wp\/v2\/posts\/27830\/revisions\/27832"}],"wp:featuredmedia":[{"embeddable":true,"href":"https:\/\/www.rezeau.org\/wp-garden\/wp-json\/wp\/v2\/media\/27829"}],"wp:attachment":[{"href":"https:\/\/www.rezeau.org\/wp-garden\/wp-json\/wp\/v2\/media?parent=27830"}],"wp:term":[{"taxonomy":"category","embeddable":true,"href":"https:\/\/www.rezeau.org\/wp-garden\/wp-json\/wp\/v2\/categories?post=27830"},{"taxonomy":"post_tag","embeddable":true,"href":"https:\/\/www.rezeau.org\/wp-garden\/wp-json\/wp\/v2\/tags?post=27830"}],"curies":[{"name":"wp","href":"https:\/\/api.w.org\/{rel}","templated":true}]}}