
{"id":27833,"date":"2025-10-19T15:21:51","date_gmt":"2025-10-19T13:21:51","guid":{"rendered":"https:\/\/www.rezeau.org\/wp-garden\/?p=27833"},"modified":"2025-10-20T15:23:06","modified_gmt":"2025-10-20T13:23:06","slug":"art-et-fenetres","status":"publish","type":"post","link":"https:\/\/www.rezeau.org\/wp-garden\/fr\/art-et-fenetres\/","title":{"rendered":"&#8220;Art et fen\u00eatres&#8221;"},"content":{"rendered":"\n<p>Quoi ? Papi fait de la publicit\u00e9 pour un marchand de fen\u00eatres maintenant ? Mais non, c&#8217;est lors de la visite d&#8217;une exposition artistique dans le cadre de l&#8217;abbaye de L\u00e9hon que ces fen\u00eatres lui ont fait aussit\u00f4t penser aux fen\u00eatres omnipr\u00e9sentes dans les tableaux de Vermeer.<\/p>\n\n\n\n<figure class=\"wp-block-gallery has-nested-images columns-default is-cropped wp-block-gallery-1 is-layout-flex wp-block-gallery-is-layout-flex\">\n<figure class=\"wp-block-image size-large\"><a href=\"https:\/\/www.rezeau.org\/wp-garden\/wp-content\/uploads\/20251018_114106.jpg\" rel=\"lightbox[27833]\"><img loading=\"lazy\" decoding=\"async\" width=\"533\" height=\"800\" data-id=\"27828\" src=\"https:\/\/www.rezeau.org\/wp-garden\/wp-content\/uploads\/20251018_114106.jpg\" alt=\"\" class=\"wp-image-27828\" srcset=\"https:\/\/www.rezeau.org\/wp-garden\/wp-content\/uploads\/20251018_114106.jpg 533w, https:\/\/www.rezeau.org\/wp-garden\/wp-content\/uploads\/20251018_114106-200x300.jpg 200w, https:\/\/www.rezeau.org\/wp-garden\/wp-content\/uploads\/20251018_114106-400x600.jpg 400w, https:\/\/www.rezeau.org\/wp-garden\/wp-content\/uploads\/20251018_114106-100x150.jpg 100w\" sizes=\"auto, (max-width: 533px) 100vw, 533px\" \/><\/a><figcaption class=\"wp-element-caption\">abbaye de L\u00e9hon<\/figcaption><\/figure>\n\n\n\n<figure class=\"wp-block-image size-large\"><a href=\"https:\/\/www.rezeau.org\/wp-garden\/wp-content\/uploads\/20251018_115431.jpg\" rel=\"lightbox[27833]\"><img loading=\"lazy\" decoding=\"async\" width=\"800\" height=\"533\" data-id=\"27824\" src=\"https:\/\/www.rezeau.org\/wp-garden\/wp-content\/uploads\/20251018_115431.jpg\" alt=\"\" class=\"wp-image-27824\" srcset=\"https:\/\/www.rezeau.org\/wp-garden\/wp-content\/uploads\/20251018_115431.jpg 800w, https:\/\/www.rezeau.org\/wp-garden\/wp-content\/uploads\/20251018_115431-300x200.jpg 300w, https:\/\/www.rezeau.org\/wp-garden\/wp-content\/uploads\/20251018_115431-768x512.jpg 768w, https:\/\/www.rezeau.org\/wp-garden\/wp-content\/uploads\/20251018_115431-400x267.jpg 400w, https:\/\/www.rezeau.org\/wp-garden\/wp-content\/uploads\/20251018_115431-150x100.jpg 150w\" sizes=\"auto, (max-width: 800px) 100vw, 800px\" \/><\/a><figcaption class=\"wp-element-caption\">abbaye de L\u00e9hon<\/figcaption><\/figure>\n\n\n\n<figure class=\"wp-block-image size-large\"><a href=\"https:\/\/www.rezeau.org\/wp-garden\/wp-content\/uploads\/20251018_120051.jpg\" rel=\"lightbox[27833]\"><img loading=\"lazy\" decoding=\"async\" width=\"600\" height=\"800\" data-id=\"27823\" src=\"https:\/\/www.rezeau.org\/wp-garden\/wp-content\/uploads\/20251018_120051.jpg\" alt=\"\" class=\"wp-image-27823\" srcset=\"https:\/\/www.rezeau.org\/wp-garden\/wp-content\/uploads\/20251018_120051.jpg 600w, https:\/\/www.rezeau.org\/wp-garden\/wp-content\/uploads\/20251018_120051-225x300.jpg 225w, https:\/\/www.rezeau.org\/wp-garden\/wp-content\/uploads\/20251018_120051-400x533.jpg 400w, https:\/\/www.rezeau.org\/wp-garden\/wp-content\/uploads\/20251018_120051-113x150.jpg 113w\" sizes=\"auto, (max-width: 600px) 100vw, 600px\" \/><\/a><figcaption class=\"wp-element-caption\">abbaye de L\u00e9hon<\/figcaption><\/figure>\n\n\n\n<figure class=\"wp-block-image size-large\"><a href=\"https:\/\/www.rezeau.org\/wp-garden\/wp-content\/uploads\/Vermeer-The_Music_Lesson.jpg\" rel=\"lightbox[27833]\"><img loading=\"lazy\" decoding=\"async\" width=\"890\" height=\"1025\" data-id=\"27834\" src=\"https:\/\/www.rezeau.org\/wp-garden\/wp-content\/uploads\/Vermeer-The_Music_Lesson-890x1025.jpg\" alt=\"\" class=\"wp-image-27834\" srcset=\"https:\/\/www.rezeau.org\/wp-garden\/wp-content\/uploads\/Vermeer-The_Music_Lesson-890x1025.jpg 890w, https:\/\/www.rezeau.org\/wp-garden\/wp-content\/uploads\/Vermeer-The_Music_Lesson-261x300.jpg 261w, https:\/\/www.rezeau.org\/wp-garden\/wp-content\/uploads\/Vermeer-The_Music_Lesson-768x884.jpg 768w, https:\/\/www.rezeau.org\/wp-garden\/wp-content\/uploads\/Vermeer-The_Music_Lesson-400x460.jpg 400w, https:\/\/www.rezeau.org\/wp-garden\/wp-content\/uploads\/Vermeer-The_Music_Lesson-130x150.jpg 130w, https:\/\/www.rezeau.org\/wp-garden\/wp-content\/uploads\/Vermeer-The_Music_Lesson.jpg 960w\" sizes=\"auto, (max-width: 890px) 100vw, 890px\" \/><\/a><figcaption class=\"wp-element-caption\">The Music Lesson, c. 1662-1664, by Johannes Vermeer. Royal Collection, London<\/figcaption><\/figure>\n<\/figure>\n","protected":false},"excerpt":{"rendered":"<p>Quoi ? Papi fait de la publicit\u00e9 pour un marchand de fen\u00eatres maintenant ?<\/p>\n<p class=\"continue-reading-button\"> <a class=\"continue-reading-link\" href=\"https:\/\/www.rezeau.org\/wp-garden\/fr\/art-et-fenetres\/\">Continue reading<i class=\"crycon-right-dir\"><\/i><\/a><\/p>\n","protected":false},"author":2,"featured_media":27823,"comment_status":"closed","ping_status":"closed","sticky":false,"template":"","format":"standard","meta":{"_acf_changed":false,"footnotes":""},"categories":[677],"tags":[2487,4141],"class_list":["post-27833","post","type-post","status-publish","format-standard","has-post-thumbnail","hentry","category-journal-du-jardin","tag-insolite","tag-photo-du-jour"],"acf":[],"_links":{"self":[{"href":"https:\/\/www.rezeau.org\/wp-garden\/wp-json\/wp\/v2\/posts\/27833","targetHints":{"allow":["GET"]}}],"collection":[{"href":"https:\/\/www.rezeau.org\/wp-garden\/wp-json\/wp\/v2\/posts"}],"about":[{"href":"https:\/\/www.rezeau.org\/wp-garden\/wp-json\/wp\/v2\/types\/post"}],"author":[{"embeddable":true,"href":"https:\/\/www.rezeau.org\/wp-garden\/wp-json\/wp\/v2\/users\/2"}],"replies":[{"embeddable":true,"href":"https:\/\/www.rezeau.org\/wp-garden\/wp-json\/wp\/v2\/comments?post=27833"}],"version-history":[{"count":2,"href":"https:\/\/www.rezeau.org\/wp-garden\/wp-json\/wp\/v2\/posts\/27833\/revisions"}],"predecessor-version":[{"id":27836,"href":"https:\/\/www.rezeau.org\/wp-garden\/wp-json\/wp\/v2\/posts\/27833\/revisions\/27836"}],"wp:featuredmedia":[{"embeddable":true,"href":"https:\/\/www.rezeau.org\/wp-garden\/wp-json\/wp\/v2\/media\/27823"}],"wp:attachment":[{"href":"https:\/\/www.rezeau.org\/wp-garden\/wp-json\/wp\/v2\/media?parent=27833"}],"wp:term":[{"taxonomy":"category","embeddable":true,"href":"https:\/\/www.rezeau.org\/wp-garden\/wp-json\/wp\/v2\/categories?post=27833"},{"taxonomy":"post_tag","embeddable":true,"href":"https:\/\/www.rezeau.org\/wp-garden\/wp-json\/wp\/v2\/tags?post=27833"}],"curies":[{"name":"wp","href":"https:\/\/api.w.org\/{rel}","templated":true}]}}