
{"id":28108,"date":"2025-11-30T12:26:57","date_gmt":"2025-11-30T11:26:57","guid":{"rendered":"https:\/\/www.rezeau.org\/wp-garden\/?p=28108"},"modified":"2025-11-30T12:26:57","modified_gmt":"2025-11-30T11:26:57","slug":"recolte-de-batates","status":"publish","type":"post","link":"https:\/\/www.rezeau.org\/wp-garden\/fr\/recolte-de-batates\/","title":{"rendered":"R\u00e9colte de batates"},"content":{"rendered":"\n<p>Vous avez bien lu : il s&#8217;agit bien de &#8220;batates&#8221; et non de patates. Au d\u00e9but de l&#8217;\u00e9t\u00e9 papi Jo a cr\u00e9\u00e9 des <a href=\"https:\/\/www.rezeau.org\/wp-garden\/fr\/dentelles-noires-au-jardin\/\" data-type=\"post\" data-id=\"26326\">jardini\u00e8res en noir et blanc<\/a>, qui ont tenu le coup jusqu&#8217;\u00e0 la petite gel\u00e9e de la semaine derni\u00e8re. Puisque ces plantes au feuillage noir (<em>Ipomea batatas<\/em>) sont de la m\u00eame famille et m\u00eame de la m\u00eame esp\u00e8ce que les patates douces, elles devraient produire \u00e9galement des tubercules plus ou moins comestibles, n&#8217;est-il pas ? Le d\u00e9potage des jardini\u00e8res d\u00e9couvre bien des tubercules de forme allong\u00e9e, d&#8217;une jolie couleur rose, mais pas particuli\u00e8rement app\u00e9tissants. On ne va donc pas tenter l&#8217;exp\u00e9rience culinaire&#8230;<\/p>\n\n\n\n<figure class=\"wp-block-gallery has-nested-images columns-default is-cropped wp-block-gallery-1 is-layout-flex wp-block-gallery-is-layout-flex\">\n<figure class=\"wp-block-image size-large\"><img loading=\"lazy\" decoding=\"async\" width=\"800\" height=\"533\" data-id=\"28107\" src=\"https:\/\/www.rezeau.org\/wp-garden\/wp-content\/uploads\/20251130_113815.jpg\" alt=\"\" class=\"wp-image-28107\" srcset=\"https:\/\/www.rezeau.org\/wp-garden\/wp-content\/uploads\/20251130_113815.jpg 800w, https:\/\/www.rezeau.org\/wp-garden\/wp-content\/uploads\/20251130_113815-300x200.jpg 300w, https:\/\/www.rezeau.org\/wp-garden\/wp-content\/uploads\/20251130_113815-768x512.jpg 768w, https:\/\/www.rezeau.org\/wp-garden\/wp-content\/uploads\/20251130_113815-400x267.jpg 400w, https:\/\/www.rezeau.org\/wp-garden\/wp-content\/uploads\/20251130_113815-150x100.jpg 150w\" sizes=\"auto, (max-width: 800px) 100vw, 800px\" \/><figcaption class=\"wp-element-caption\"><em>Ipomea batatas<\/em> <em>\u2018Illusion Midnight Lace\u2019\u00a0<\/em>30\/11\/2025<\/figcaption><\/figure>\n\n\n\n<figure class=\"wp-block-image size-large\"><img loading=\"lazy\" decoding=\"async\" width=\"800\" height=\"533\" data-id=\"26324\" src=\"https:\/\/www.rezeau.org\/wp-garden\/wp-content\/uploads\/L-IMGP1429.jpg\" alt=\"\" class=\"wp-image-26324\" srcset=\"https:\/\/www.rezeau.org\/wp-garden\/wp-content\/uploads\/L-IMGP1429.jpg 800w, https:\/\/www.rezeau.org\/wp-garden\/wp-content\/uploads\/L-IMGP1429-300x200.jpg 300w, https:\/\/www.rezeau.org\/wp-garden\/wp-content\/uploads\/L-IMGP1429-768x512.jpg 768w, https:\/\/www.rezeau.org\/wp-garden\/wp-content\/uploads\/L-IMGP1429-400x267.jpg 400w, https:\/\/www.rezeau.org\/wp-garden\/wp-content\/uploads\/L-IMGP1429-150x100.jpg 150w\" sizes=\"auto, (max-width: 800px) 100vw, 800px\" \/><figcaption class=\"wp-element-caption\"><em>Ipomea batatas<\/em> <em>\u2018Illusion Midnight Lace\u2019\u00a0<\/em>08\/07\/2025<\/figcaption><\/figure>\n\n\n\n<figure class=\"wp-block-image size-large\"><img loading=\"lazy\" decoding=\"async\" width=\"472\" height=\"354\" data-id=\"28109\" src=\"https:\/\/www.rezeau.org\/wp-garden\/wp-content\/uploads\/Patate-douce.avif\" alt=\"\" class=\"wp-image-28109\"\/><figcaption class=\"wp-element-caption\">patate douce comestible<\/figcaption><\/figure>\n<\/figure>\n\n\n\n<p><\/p>\n","protected":false},"excerpt":{"rendered":"<p>Vous avez bien lu : il s&#8217;agit bien de &#8220;batates&#8221; et non de patates.<\/p>\n<p class=\"continue-reading-button\"> <a class=\"continue-reading-link\" href=\"https:\/\/www.rezeau.org\/wp-garden\/fr\/recolte-de-batates\/\">Continue reading<i class=\"crycon-right-dir\"><\/i><\/a><\/p>\n","protected":false},"author":2,"featured_media":28107,"comment_status":"closed","ping_status":"closed","sticky":false,"template":"","format":"standard","meta":{"_acf_changed":false,"footnotes":""},"categories":[677],"tags":[2487],"class_list":["post-28108","post","type-post","status-publish","format-standard","has-post-thumbnail","hentry","category-journal-du-jardin","tag-insolite"],"acf":[],"_links":{"self":[{"href":"https:\/\/www.rezeau.org\/wp-garden\/wp-json\/wp\/v2\/posts\/28108","targetHints":{"allow":["GET"]}}],"collection":[{"href":"https:\/\/www.rezeau.org\/wp-garden\/wp-json\/wp\/v2\/posts"}],"about":[{"href":"https:\/\/www.rezeau.org\/wp-garden\/wp-json\/wp\/v2\/types\/post"}],"author":[{"embeddable":true,"href":"https:\/\/www.rezeau.org\/wp-garden\/wp-json\/wp\/v2\/users\/2"}],"replies":[{"embeddable":true,"href":"https:\/\/www.rezeau.org\/wp-garden\/wp-json\/wp\/v2\/comments?post=28108"}],"version-history":[{"count":1,"href":"https:\/\/www.rezeau.org\/wp-garden\/wp-json\/wp\/v2\/posts\/28108\/revisions"}],"predecessor-version":[{"id":28110,"href":"https:\/\/www.rezeau.org\/wp-garden\/wp-json\/wp\/v2\/posts\/28108\/revisions\/28110"}],"wp:featuredmedia":[{"embeddable":true,"href":"https:\/\/www.rezeau.org\/wp-garden\/wp-json\/wp\/v2\/media\/28107"}],"wp:attachment":[{"href":"https:\/\/www.rezeau.org\/wp-garden\/wp-json\/wp\/v2\/media?parent=28108"}],"wp:term":[{"taxonomy":"category","embeddable":true,"href":"https:\/\/www.rezeau.org\/wp-garden\/wp-json\/wp\/v2\/categories?post=28108"},{"taxonomy":"post_tag","embeddable":true,"href":"https:\/\/www.rezeau.org\/wp-garden\/wp-json\/wp\/v2\/tags?post=28108"}],"curies":[{"name":"wp","href":"https:\/\/api.w.org\/{rel}","templated":true}]}}