
{"id":4374,"date":"2016-05-14T09:59:21","date_gmt":"2016-05-14T07:59:21","guid":{"rendered":"http:\/\/www.rezeau.org\/wp-garden\/?p=4374"},"modified":"2021-02-03T17:57:27","modified_gmt":"2021-02-03T16:57:27","slug":"histoire-de-tulipes","status":"publish","type":"post","link":"https:\/\/www.rezeau.org\/wp-garden\/fr\/histoire-de-tulipes\/","title":{"rendered":"Histoire de tulipes"},"content":{"rendered":"\n<p>Les tulipes &#8216;Ang\u00e9lique&#8217; <a href=\"http:\/\/www.rezeau.org\/wp-garden\/fr\/plantation-des-bulbes-de-printemps\/\">plant\u00e9es \u00e0 l&#8217;automne dernier<\/a> ont fait une floraison magnifique quoique &#8230; inattendue. Deux lots de 40 bulbes avaient \u00e9t\u00e9 plant\u00e9s ensemble, l&#8217;un en provenance du site <a href=\"http:\/\/www.dutchgardenworld.com\/\" target=\"_blank\" rel=\"noreferrer noopener\">Dutch garden world<\/a>, l&#8217;autre achet\u00e9 \u00e0 la f\u00eate des plantes de Cesson-S\u00e9vign\u00e9. Curieusement, ces deux lots suppos\u00e9s \u00eatre de la m\u00eame vari\u00e9t\u00e9 &#8216;Ang\u00e9lique&#8217; ont donn\u00e9 des fleurs diff\u00e9rentes !<\/p>\n\n\n\n<figure class=\"wp-block-gallery aligncenter columns-2 is-cropped wp-block-gallery-1 is-layout-flex wp-block-gallery-is-layout-flex\"><ul class=\"blocks-gallery-grid\"><li class=\"blocks-gallery-item\"><figure><a href=\"https:\/\/www.rezeau.org\/wp-garden\/wp-content\/uploads\/Tulipa-Ang\u00e9lique-26-04-2016.jpg\" rel=\"lightbox[4374]\"><img loading=\"lazy\" decoding=\"async\" width=\"800\" height=\"533\" src=\"https:\/\/www.rezeau.org\/wp-garden\/wp-content\/uploads\/Tulipa-Ang\u00e9lique-26-04-2016.jpg\" alt=\"Pr\u00e9dominance des fleurs rose vif.\" data-id=\"4237\" class=\"wp-image-4237\" srcset=\"https:\/\/www.rezeau.org\/wp-garden\/wp-content\/uploads\/Tulipa-Ang\u00e9lique-26-04-2016.jpg 800w, https:\/\/www.rezeau.org\/wp-garden\/wp-content\/uploads\/Tulipa-Ang\u00e9lique-26-04-2016-300x200.jpg 300w, https:\/\/www.rezeau.org\/wp-garden\/wp-content\/uploads\/Tulipa-Ang\u00e9lique-26-04-2016-768x512.jpg 768w\" sizes=\"auto, (max-width: 800px) 100vw, 800px\" \/><\/a><figcaption class=\"blocks-gallery-item__caption\"><em>Tulipa<\/em> &#8216;Ang\u00e9lique&#8217; <strong>var. A<\/strong> 26\/04\/2016<\/figcaption><\/figure><\/li><li class=\"blocks-gallery-item\"><figure><a href=\"https:\/\/www.rezeau.org\/wp-garden\/wp-content\/uploads\/Le-petit-parterre-de-tulipes-Ang\u00e9lique-06-05-2016.jpg\" rel=\"lightbox[4374]\"><img loading=\"lazy\" decoding=\"async\" width=\"1024\" height=\"683\" src=\"https:\/\/www.rezeau.org\/wp-garden\/wp-content\/uploads\/Le-petit-parterre-de-tulipes-Ang\u00e9lique-06-05-2016.jpg\" alt=\"Chassez l'intrus !\" data-id=\"4318\" class=\"wp-image-4318\" srcset=\"https:\/\/www.rezeau.org\/wp-garden\/wp-content\/uploads\/Le-petit-parterre-de-tulipes-Ang\u00e9lique-06-05-2016.jpg 1024w, https:\/\/www.rezeau.org\/wp-garden\/wp-content\/uploads\/Le-petit-parterre-de-tulipes-Ang\u00e9lique-06-05-2016-300x200.jpg 300w, https:\/\/www.rezeau.org\/wp-garden\/wp-content\/uploads\/Le-petit-parterre-de-tulipes-Ang\u00e9lique-06-05-2016-768x512.jpg 768w\" sizes=\"auto, (max-width: 1024px) 100vw, 1024px\" \/><\/a><figcaption class=\"blocks-gallery-item__caption\"><em>Tulipa<\/em> &#8216;Ang\u00e9lique&#8217; <strong>var. B <\/strong>06\/05\/2016<\/figcaption><\/figure><\/li><\/ul><\/figure>\n\n\n\n<p>Sur ces photos on voit les deux types de fleurs, que nous appellerons A pour les fleurs rose vif et B pour les fleurs rose p\u00e2le. Sur la photo du&nbsp;26 avril on voit une dominante de fleurs du type A. Sur la photo du 6 mai on voit une grande majorit\u00e9 de fleurs du type B. Voici un petit tableau comparatif des caract\u00e9ristiques de ces deux vari\u00e9t\u00e9s.<\/p>\n\n\n\n<figure class=\"wp-block-table\"><table><tbody><tr><td><\/td><td>vari\u00e9t\u00e9 A<\/td><td>vari\u00e9t\u00e9 B<\/td><\/tr><tr><td>floraison<\/td><td>tout le mois d&#8217;Avril<\/td><td>fin Avril \u00e0 mi-Mai<\/td><\/tr><tr><td>nb tiges par bulbe<\/td><td>une seule<\/td><td>une, parfois deux<\/td><\/tr><tr><td>nb fleurs par tige<\/td><td>une seule<\/td><td>une ou deux, parfois plus<\/td><\/tr><tr><td>couleur<\/td><td>rose vif<\/td><td>rose p\u00e2le<\/td><\/tr><tr><td>aspect<\/td><td>robuste, couleur vive<\/td><td>d\u00e9licat, couleur d\u00e9licate<\/td><\/tr><\/tbody><\/table><\/figure>\n\n\n\n<p>D&#8217;apr\u00e8s ces caract\u00e9ristiques, il semble \u00e9vident que les &#8220;vraies&#8221; Tulipes &#8216;Ang\u00e9lique&#8217; sont les bulbes de la vari\u00e9t\u00e9 B. \u00c9tant donn\u00e9 que les bulbes des deux lots ont \u00e9t\u00e9 m\u00e9lang\u00e9s \u00e0 la plantation, il n&#8217;est pas possible de savoir la provenance de chaque vari\u00e9t\u00e9 pour \u00e9ventuellement r\u00e9clamer et conna\u00eetre le nom de la vari\u00e9t\u00e9 qui n&#8217;est pas la vraie &#8216;Ang\u00e9lique&#8217;. Point positif : le m\u00e9lange de ces deux vari\u00e9t\u00e9s a permis d&#8217;avoir une plus longue p\u00e9riode de floraison pour l&#8217;ensemble du massif.<\/p>\n","protected":false},"excerpt":{"rendered":"<p>Les tulipes &#8216;Ang\u00e9lique&#8217; plant\u00e9es \u00e0 l&#8217;automne dernier ont fait une floraison magnifique quoique &#8230; inattendue. Deux lots de 40 bulbes avaient \u00e9t\u00e9 plant\u00e9s ensemble, l&#8217;un en provenance du site Dutch garden world, l&#8217;autre achet\u00e9 \u00e0 la f\u00eate des plantes de Cesson-S\u00e9vign\u00e9. Curieusement, ces deux lots suppos\u00e9s \u00eatre de la m\u00eame&#8230;<\/p>\n<p class=\"continue-reading-button\"> <a class=\"continue-reading-link\" href=\"https:\/\/www.rezeau.org\/wp-garden\/fr\/histoire-de-tulipes\/\">Continue reading<i class=\"crycon-right-dir\"><\/i><\/a><\/p>\n","protected":false},"author":2,"featured_media":0,"comment_status":"closed","ping_status":"closed","sticky":false,"template":"","format":"standard","meta":{"_acf_changed":false,"footnotes":""},"categories":[677],"tags":[643],"class_list":["post-4374","post","type-post","status-publish","format-standard","hentry","category-journal-du-jardin","tag-bulbes"],"acf":[],"_links":{"self":[{"href":"https:\/\/www.rezeau.org\/wp-garden\/wp-json\/wp\/v2\/posts\/4374","targetHints":{"allow":["GET"]}}],"collection":[{"href":"https:\/\/www.rezeau.org\/wp-garden\/wp-json\/wp\/v2\/posts"}],"about":[{"href":"https:\/\/www.rezeau.org\/wp-garden\/wp-json\/wp\/v2\/types\/post"}],"author":[{"embeddable":true,"href":"https:\/\/www.rezeau.org\/wp-garden\/wp-json\/wp\/v2\/users\/2"}],"replies":[{"embeddable":true,"href":"https:\/\/www.rezeau.org\/wp-garden\/wp-json\/wp\/v2\/comments?post=4374"}],"version-history":[{"count":0,"href":"https:\/\/www.rezeau.org\/wp-garden\/wp-json\/wp\/v2\/posts\/4374\/revisions"}],"wp:attachment":[{"href":"https:\/\/www.rezeau.org\/wp-garden\/wp-json\/wp\/v2\/media?parent=4374"}],"wp:term":[{"taxonomy":"category","embeddable":true,"href":"https:\/\/www.rezeau.org\/wp-garden\/wp-json\/wp\/v2\/categories?post=4374"},{"taxonomy":"post_tag","embeddable":true,"href":"https:\/\/www.rezeau.org\/wp-garden\/wp-json\/wp\/v2\/tags?post=4374"}],"curies":[{"name":"wp","href":"https:\/\/api.w.org\/{rel}","templated":true}]}}