
{"id":4517,"date":"2016-05-20T18:44:15","date_gmt":"2016-05-20T16:44:15","guid":{"rendered":"http:\/\/www.rezeau.org\/wp-garden\/?p=4517"},"modified":"2021-02-03T17:55:16","modified_gmt":"2021-02-03T16:55:16","slug":"venez-visiter-le-jardin-de-papi-jo","status":"publish","type":"post","link":"https:\/\/www.rezeau.org\/wp-garden\/fr\/venez-visiter-le-jardin-de-papi-jo\/","title":{"rendered":"Venez visiter le jardin de papi Jo !"},"content":{"rendered":"\n<p>Le jardin de papi Jo sera ouvert aux visiteurs le samedi 4 juin. Le matin de 10 heures \u00e0 12 h 30 et l&#8217;apr\u00e8s-midi de 14 h \u00e0 18&nbsp;h&nbsp;30.<\/p>\n\n\n\n<p class=\"gmap_bulle_titre\">Ce week-end des 3-4-5 juin a lieu la manifestation nationale <strong>RENDEZ-VOUS AUX JARDINS<\/strong> dans toute la France et donc <a href=\"http:\/\/www.apjb.org\/fr\/rvjeb.html\" target=\"_blank\" rel=\"noreferrer noopener\">en Bretagne<\/a>. Le jardin de papi Jo ne figure certes pas sur la liste des prestigieux jardins ouverts ce week-end l\u00e0. Mais si vous faites un circuit de ces jardins dans les environs de Rennes, une halte dans un petit jardin de ville peut vous offrir un point de vue diff\u00e9rent et bienvenu ! Le jardin de papi Jo n&#8217;est qu&#8217;\u00e0 20 minutes des <a href=\"http:\/\/www.apjb.org\/fr\/parcs\/jardins-de-broceliande.html\" target=\"_blank\" rel=\"noreferrer noopener\"><strong>Jardins de Broc\u00e9liande \u00e0 Br\u00e9al-sous-Montfort<\/strong><\/a>, \u00e0 25 minutes du <a href=\"http:\/\/www.apjb.org\/fr\/parcs\/caradeuc.html\" target=\"_blank\" rel=\"noreferrer noopener\"><strong>parc de Caradeuc \u00e0 B\u00e9cherel<\/strong><\/a> et \u00e0 une demi-heure du <b><a href=\"http:\/\/www.apjb.org\/fr\/parcs\/fourneau.html\" target=\"_blank\" rel=\"noreferrer noopener\">Parc bocager de Fourneau \u00e0 Paimpont<\/a>.<br><\/b><\/p>\n","protected":false},"excerpt":{"rendered":"<p>Le jardin de papi Jo sera ouvert aux visiteurs le samedi 4 juin. Le matin de 10 heures \u00e0 12 h 30 et l&#8217;apr\u00e8s-midi de 14 h \u00e0 18&nbsp;h&nbsp;30. Ce week-end des 3-4-5 juin a lieu la manifestation nationale RENDEZ-VOUS AUX JARDINS dans toute la France et donc en Bretagne&#8230;.<\/p>\n<p class=\"continue-reading-button\"> <a class=\"continue-reading-link\" href=\"https:\/\/www.rezeau.org\/wp-garden\/fr\/venez-visiter-le-jardin-de-papi-jo\/\">Continue reading<i class=\"crycon-right-dir\"><\/i><\/a><\/p>\n","protected":false},"author":2,"featured_media":0,"comment_status":"closed","ping_status":"closed","sticky":false,"template":"","format":"standard","meta":{"_acf_changed":false,"footnotes":""},"categories":[677],"tags":[1486],"class_list":["post-4517","post","type-post","status-publish","format-standard","hentry","category-journal-du-jardin","tag-visites"],"acf":[],"_links":{"self":[{"href":"https:\/\/www.rezeau.org\/wp-garden\/wp-json\/wp\/v2\/posts\/4517","targetHints":{"allow":["GET"]}}],"collection":[{"href":"https:\/\/www.rezeau.org\/wp-garden\/wp-json\/wp\/v2\/posts"}],"about":[{"href":"https:\/\/www.rezeau.org\/wp-garden\/wp-json\/wp\/v2\/types\/post"}],"author":[{"embeddable":true,"href":"https:\/\/www.rezeau.org\/wp-garden\/wp-json\/wp\/v2\/users\/2"}],"replies":[{"embeddable":true,"href":"https:\/\/www.rezeau.org\/wp-garden\/wp-json\/wp\/v2\/comments?post=4517"}],"version-history":[{"count":0,"href":"https:\/\/www.rezeau.org\/wp-garden\/wp-json\/wp\/v2\/posts\/4517\/revisions"}],"wp:attachment":[{"href":"https:\/\/www.rezeau.org\/wp-garden\/wp-json\/wp\/v2\/media?parent=4517"}],"wp:term":[{"taxonomy":"category","embeddable":true,"href":"https:\/\/www.rezeau.org\/wp-garden\/wp-json\/wp\/v2\/categories?post=4517"},{"taxonomy":"post_tag","embeddable":true,"href":"https:\/\/www.rezeau.org\/wp-garden\/wp-json\/wp\/v2\/tags?post=4517"}],"curies":[{"name":"wp","href":"https:\/\/api.w.org\/{rel}","templated":true}]}}