
{"id":6907,"date":"2016-11-18T17:24:23","date_gmt":"2016-11-18T16:24:23","guid":{"rendered":"http:\/\/www.rezeau.org\/wp-garden\/?p=6907"},"modified":"2021-02-02T11:54:05","modified_gmt":"2021-02-02T10:54:05","slug":"bulbes-de-printemps-il-est-grand-temps","status":"publish","type":"post","link":"https:\/\/www.rezeau.org\/wp-garden\/fr\/bulbes-de-printemps-il-est-grand-temps\/","title":{"rendered":"Plantations des bulbes de printemps (suite et fin)"},"content":{"rendered":"\n<p>Depuis quelques jours d\u00e9j\u00e0 de nouveaux bulbes de printemps ont rejoint dans le jardin de papi Jo les <a href=\"http:\/\/www.rezeau.org\/wp-garden\/fr\/chionodoxa-forbesii-fr\/\">Chionodoxa<\/a> plant\u00e9s en octobre.<\/p>\n\n\n\n<figure class=\"wp-block-gallery aligncenter columns-3 is-cropped wp-block-gallery-1 is-layout-flex wp-block-gallery-is-layout-flex\"><ul class=\"blocks-gallery-grid\"><li class=\"blocks-gallery-item\"><figure><a href=\"http:\/\/www.rezeau.org\/wp-garden\/wp-content\/uploads\/11-11-2016-300x300.jpg\" rel=\"lightbox[6907]\"><img loading=\"lazy\" decoding=\"async\" width=\"300\" height=\"300\" src=\"http:\/\/www.rezeau.org\/wp-garden\/wp-content\/uploads\/11-11-2016-300x300.jpg\" alt=\"Petits bulbes de printemps pour boules de mousse\" data-id=\"6882\" class=\"wp-image-6882\" srcset=\"https:\/\/www.rezeau.org\/wp-garden\/wp-content\/uploads\/11-11-2016-300x300.jpg 300w, https:\/\/www.rezeau.org\/wp-garden\/wp-content\/uploads\/11-11-2016-150x150.jpg 150w, https:\/\/www.rezeau.org\/wp-garden\/wp-content\/uploads\/11-11-2016-768x768.jpg 768w, https:\/\/www.rezeau.org\/wp-garden\/wp-content\/uploads\/11-11-2016.jpg 800w\" sizes=\"auto, (max-width: 300px) 100vw, 300px\" \/><\/a><figcaption class=\"blocks-gallery-item__caption\">11\/11\/2016<\/figcaption><\/figure><\/li><li class=\"blocks-gallery-item\"><figure><a href=\"http:\/\/www.rezeau.org\/wp-garden\/wp-content\/uploads\/11-11-2016-2-300x300.jpg\" rel=\"lightbox[6907]\"><img loading=\"lazy\" decoding=\"async\" width=\"300\" height=\"300\" src=\"http:\/\/www.rezeau.org\/wp-garden\/wp-content\/uploads\/11-11-2016-2-300x300.jpg\" alt=\"Petits bulbes de printemps mis en place dans une boule de mousse\" data-id=\"6883\" class=\"wp-image-6883\" srcset=\"https:\/\/www.rezeau.org\/wp-garden\/wp-content\/uploads\/11-11-2016-2-300x300.jpg 300w, https:\/\/www.rezeau.org\/wp-garden\/wp-content\/uploads\/11-11-2016-2-150x150.jpg 150w, https:\/\/www.rezeau.org\/wp-garden\/wp-content\/uploads\/11-11-2016-2-768x768.jpg 768w, https:\/\/www.rezeau.org\/wp-garden\/wp-content\/uploads\/11-11-2016-2.jpg 800w\" sizes=\"auto, (max-width: 300px) 100vw, 300px\" \/><\/a><figcaption class=\"blocks-gallery-item__caption\">11\/11\/2016<\/figcaption><\/figure><\/li><li class=\"blocks-gallery-item\"><figure><a href=\"http:\/\/www.rezeau.org\/wp-garden\/wp-content\/uploads\/15-11-2016-300x200.jpg\" rel=\"lightbox[6907]\"><img loading=\"lazy\" decoding=\"async\" width=\"300\" height=\"200\" src=\"http:\/\/www.rezeau.org\/wp-garden\/wp-content\/uploads\/15-11-2016-300x200.jpg\" alt=\"Boules de mousse avec petits bulbes de printemps\" data-id=\"6884\" class=\"wp-image-6884\" srcset=\"https:\/\/www.rezeau.org\/wp-garden\/wp-content\/uploads\/15-11-2016-300x200.jpg 300w, https:\/\/www.rezeau.org\/wp-garden\/wp-content\/uploads\/15-11-2016-768x512.jpg 768w, https:\/\/www.rezeau.org\/wp-garden\/wp-content\/uploads\/15-11-2016.jpg 800w\" sizes=\"auto, (max-width: 300px) 100vw, 300px\" \/><\/a><figcaption class=\"blocks-gallery-item__caption\">15\/11\/2016<\/figcaption><\/figure><\/li><\/ul><\/figure>\n\n\n\n<p>Tout d&#8217;abord &#8220;madame papi Jo&#8221; a confectionn\u00e9 3 boules de mousse &#8220;fa\u00e7on Kokedama&#8221;, sur le mod\u00e8le donn\u00e9 par St\u00e9phane Marie dans <a href=\"http:\/\/www.france5.fr\/emissions\/silence-ca-pousse\/diffusions\/16-12-2015_443459\">Silence \u00e7a pousse<\/a>.<\/p>\n\n\n\n<p>Nous y avons mis un m\u00e9lange de <em>Crocus chrysanthus<\/em> &#8216;Blue Pearl&#8217;, <em>Puschkinia scilloides<\/em> var. <em>libanotica<\/em><br>et <em>Anemone blanda<\/em> &#8216;White Splendour&#8217;.<\/p>\n\n\n\n<p>Au pied du pommier <em>Malus<\/em> &#8216;Evereste&#8217; j&#8217;ai mis quelques tulipes botaniques <em>Tulipa turkestanica<\/em> pour y tenir compagnie aux Cyclamens de Naples.<\/p>\n\n\n\n<p>Dans la mixed border Est, entre les grands <em>Thalictrum delavayi<\/em> &#8216;Ankum&#8217;, 40 an\u00e9mones &#8216;White Splendour&#8217;, puis entre les <em>Thalictrum<\/em> et les <em>Aconitum septentrionale<\/em> &#8216;Ivorine&#8217;, 25 Ornithogale.<\/p>\n\n\n\n<p>Apr\u00e8s le d\u00e9part d&#8217;un splendide b\u00e9gonia blanc accompagn\u00e9 d&#8217;impatiences de Nouvelle-Guin\u00e9e, la grande jardini\u00e8re de la terrasse a \u00e9t\u00e9 plant\u00e9e de tulipes double tardive &#8216;Finola&#8217;. Enfin dans un grand pot sur l&#8217;escalier couvent maintenant 25 bulbes d&#8217;ail d&#8217;ornement &#8211; <em>Allium oreophilum<\/em>.<\/p>\n\n\n\n<p>Vivement le printemps&nbsp;!<\/p>\n","protected":false},"excerpt":{"rendered":"<p>Depuis quelques jours d\u00e9j\u00e0 de nouveaux bulbes de printemps ont rejoint dans le jardin de papi Jo les Chionodoxa plant\u00e9s en octobre. Tout d&#8217;abord &#8220;madame papi Jo&#8221; a confectionn\u00e9 3 boules de mousse &#8220;fa\u00e7on Kokedama&#8221;, sur le mod\u00e8le donn\u00e9 par St\u00e9phane Marie dans Silence \u00e7a pousse. Nous y avons mis&#8230;<\/p>\n<p class=\"continue-reading-button\"> <a class=\"continue-reading-link\" href=\"https:\/\/www.rezeau.org\/wp-garden\/fr\/bulbes-de-printemps-il-est-grand-temps\/\">Continue reading<i class=\"crycon-right-dir\"><\/i><\/a><\/p>\n","protected":false},"author":2,"featured_media":0,"comment_status":"closed","ping_status":"closed","sticky":false,"template":"","format":"standard","meta":{"_acf_changed":false,"footnotes":""},"categories":[677],"tags":[643],"class_list":["post-6907","post","type-post","status-publish","format-standard","hentry","category-journal-du-jardin","tag-bulbes"],"acf":[],"_links":{"self":[{"href":"https:\/\/www.rezeau.org\/wp-garden\/wp-json\/wp\/v2\/posts\/6907","targetHints":{"allow":["GET"]}}],"collection":[{"href":"https:\/\/www.rezeau.org\/wp-garden\/wp-json\/wp\/v2\/posts"}],"about":[{"href":"https:\/\/www.rezeau.org\/wp-garden\/wp-json\/wp\/v2\/types\/post"}],"author":[{"embeddable":true,"href":"https:\/\/www.rezeau.org\/wp-garden\/wp-json\/wp\/v2\/users\/2"}],"replies":[{"embeddable":true,"href":"https:\/\/www.rezeau.org\/wp-garden\/wp-json\/wp\/v2\/comments?post=6907"}],"version-history":[{"count":0,"href":"https:\/\/www.rezeau.org\/wp-garden\/wp-json\/wp\/v2\/posts\/6907\/revisions"}],"wp:attachment":[{"href":"https:\/\/www.rezeau.org\/wp-garden\/wp-json\/wp\/v2\/media?parent=6907"}],"wp:term":[{"taxonomy":"category","embeddable":true,"href":"https:\/\/www.rezeau.org\/wp-garden\/wp-json\/wp\/v2\/categories?post=6907"},{"taxonomy":"post_tag","embeddable":true,"href":"https:\/\/www.rezeau.org\/wp-garden\/wp-json\/wp\/v2\/tags?post=6907"}],"curies":[{"name":"wp","href":"https:\/\/api.w.org\/{rel}","templated":true}]}}