
{"id":7430,"date":"2017-03-20T16:40:40","date_gmt":"2017-03-20T15:40:40","guid":{"rendered":"http:\/\/www.rezeau.org\/wp-garden\/?p=7430"},"modified":"2021-02-01T23:15:12","modified_gmt":"2021-02-01T22:15:12","slug":"savez-vous-semer-les-pois-suite","status":"publish","type":"post","link":"https:\/\/www.rezeau.org\/wp-garden\/fr\/savez-vous-semer-les-pois-suite\/","title":{"rendered":"Savez-vous semer les pois ? (suite)"},"content":{"rendered":"\n<figure class=\"wp-block-gallery alignleft columns-1 is-cropped wp-block-gallery-1 is-layout-flex wp-block-gallery-is-layout-flex\"><ul class=\"blocks-gallery-grid\"><li class=\"blocks-gallery-item\"><figure><img loading=\"lazy\" decoding=\"async\" width=\"300\" height=\"300\" src=\"http:\/\/www.rezeau.org\/wp-garden\/wp-content\/uploads\/H-IMGP0296-300x300.jpg\" alt=\"Pousses de 10 jours (\u00e0 l'int\u00e9rieur de la maison)\" data-id=\"7424\" class=\"wp-image-7424\" srcset=\"https:\/\/www.rezeau.org\/wp-garden\/wp-content\/uploads\/H-IMGP0296-300x300.jpg 300w, https:\/\/www.rezeau.org\/wp-garden\/wp-content\/uploads\/H-IMGP0296-150x150.jpg 150w, https:\/\/www.rezeau.org\/wp-garden\/wp-content\/uploads\/H-IMGP0296-768x768.jpg 768w, https:\/\/www.rezeau.org\/wp-garden\/wp-content\/uploads\/H-IMGP0296.jpg 800w\" sizes=\"auto, (max-width: 300px) 100vw, 300px\" \/><figcaption class=\"blocks-gallery-item__caption\"><em>Pois de senteur<\/em> (Night and) Day &#8211; T &amp; M 22\/12\/2016<\/figcaption><\/figure><\/li><\/ul><\/figure>\n\n\n\n<p>Au mois de d\u00e9cembre je vous avais parl\u00e9 de <a href=\"http:\/\/www.rezeau.org\/wp-garden\/fr\/savez-vous-semer-les-pois\/\">mon semis de pois de senteur dans des rouleaux de PQ<\/a>. Les graines du bac qui se trouvait dans la maison ont commenc\u00e9 \u00e0 germer au bout de 10 jours seulement. \u00c7a a m\u00eame \u00e9t\u00e9 tellement rapide que j&#8217;avais oubli\u00e9 le bac sur une \u00e9tag\u00e8re dans la lingerie. Quand j&#8217;ai vu les pousses, elles \u00e9taient toutes p\u00e2les et allong\u00e9es, faute de lumi\u00e8re. J&#8217;ai donc transport\u00e9 le bac au grenier, devant une fen\u00eatre au Sud. Elles y ont poursuivi leur pousse, au ralenti, avec un peu d&#8217;eau de temps en temps. J&#8217;ai aussi pinc\u00e9 les pousses.<\/p>\n\n\n\n<p><br style=\"clear: both;\">Pendant ce temps, les semis du bac qui se trouvait dans l&#8217;abri de jardin ont pouss\u00e9 bien plus tardivement. Je les ai donn\u00e9s \u00e0 une amie.<\/p>\n\n\n\n<figure class=\"wp-block-gallery aligncenter columns-2 is-cropped wp-block-gallery-2 is-layout-flex wp-block-gallery-is-layout-flex\"><ul class=\"blocks-gallery-grid\"><li class=\"blocks-gallery-item\"><figure><img loading=\"lazy\" decoding=\"async\" width=\"300\" height=\"199\" src=\"http:\/\/www.rezeau.org\/wp-garden\/wp-content\/uploads\/H-IMGP0462-300x199.jpg\" alt=\"Au bout de 3 mois\" data-id=\"7425\" class=\"wp-image-7425\" srcset=\"https:\/\/www.rezeau.org\/wp-garden\/wp-content\/uploads\/H-IMGP0462-300x199.jpg 300w, https:\/\/www.rezeau.org\/wp-garden\/wp-content\/uploads\/H-IMGP0462-768x509.jpg 768w, https:\/\/www.rezeau.org\/wp-garden\/wp-content\/uploads\/H-IMGP0462.jpg 800w\" sizes=\"auto, (max-width: 300px) 100vw, 300px\" \/><figcaption class=\"blocks-gallery-item__caption\"><em>Pois de senteur<\/em> (Night and) Day &#8211; T &amp; M 16\/03\/2017<\/figcaption><\/figure><\/li><li class=\"blocks-gallery-item\"><figure><img loading=\"lazy\" decoding=\"async\" width=\"300\" height=\"200\" src=\"http:\/\/www.rezeau.org\/wp-garden\/wp-content\/uploads\/H-IMGP0463-300x200.jpg\" alt=\"Au bout de 3 mois\" data-id=\"7426\" class=\"wp-image-7426\" srcset=\"https:\/\/www.rezeau.org\/wp-garden\/wp-content\/uploads\/H-IMGP0463-300x200.jpg 300w, https:\/\/www.rezeau.org\/wp-garden\/wp-content\/uploads\/H-IMGP0463-768x512.jpg 768w, https:\/\/www.rezeau.org\/wp-garden\/wp-content\/uploads\/H-IMGP0463.jpg 800w\" sizes=\"auto, (max-width: 300px) 100vw, 300px\" \/><figcaption class=\"blocks-gallery-item__caption\"><em>Pois de senteur<\/em> (Night and) Day &#8211; T &amp; M 16\/03\/2017<\/figcaption><\/figure><\/li><\/ul><\/figure>\n\n\n\n<p>La semaine derni\u00e8re j&#8217;ai mis en place les 5 &#8220;godets&#8221;. Sur ces deux photos ci-dessus on voit l&#8217;\u00e9tat des rouleaux sortis de leur lit de sable. La suite dans quelques mois.<\/p>\n","protected":false},"excerpt":{"rendered":"<p>Au mois de d\u00e9cembre je vous avais parl\u00e9 de mon semis de pois de senteur dans des rouleaux de PQ. Les graines du bac qui se trouvait dans la maison ont commenc\u00e9 \u00e0 germer au bout de 10 jours seulement. \u00c7a a m\u00eame \u00e9t\u00e9 tellement rapide que j&#8217;avais oubli\u00e9 le&#8230;<\/p>\n<p class=\"continue-reading-button\"> <a class=\"continue-reading-link\" href=\"https:\/\/www.rezeau.org\/wp-garden\/fr\/savez-vous-semer-les-pois-suite\/\">Continue reading<i class=\"crycon-right-dir\"><\/i><\/a><\/p>\n","protected":false},"author":2,"featured_media":0,"comment_status":"closed","ping_status":"closed","sticky":false,"template":"","format":"standard","meta":{"_acf_changed":false,"footnotes":""},"categories":[677],"tags":[2067],"class_list":["post-7430","post","type-post","status-publish","format-standard","hentry","category-journal-du-jardin","tag-pois-de-senteur"],"acf":[],"_links":{"self":[{"href":"https:\/\/www.rezeau.org\/wp-garden\/wp-json\/wp\/v2\/posts\/7430","targetHints":{"allow":["GET"]}}],"collection":[{"href":"https:\/\/www.rezeau.org\/wp-garden\/wp-json\/wp\/v2\/posts"}],"about":[{"href":"https:\/\/www.rezeau.org\/wp-garden\/wp-json\/wp\/v2\/types\/post"}],"author":[{"embeddable":true,"href":"https:\/\/www.rezeau.org\/wp-garden\/wp-json\/wp\/v2\/users\/2"}],"replies":[{"embeddable":true,"href":"https:\/\/www.rezeau.org\/wp-garden\/wp-json\/wp\/v2\/comments?post=7430"}],"version-history":[{"count":0,"href":"https:\/\/www.rezeau.org\/wp-garden\/wp-json\/wp\/v2\/posts\/7430\/revisions"}],"wp:attachment":[{"href":"https:\/\/www.rezeau.org\/wp-garden\/wp-json\/wp\/v2\/media?parent=7430"}],"wp:term":[{"taxonomy":"category","embeddable":true,"href":"https:\/\/www.rezeau.org\/wp-garden\/wp-json\/wp\/v2\/categories?post=7430"},{"taxonomy":"post_tag","embeddable":true,"href":"https:\/\/www.rezeau.org\/wp-garden\/wp-json\/wp\/v2\/tags?post=7430"}],"curies":[{"name":"wp","href":"https:\/\/api.w.org\/{rel}","templated":true}]}}