
{"id":7606,"date":"2017-04-01T09:05:34","date_gmt":"2017-04-01T07:05:34","guid":{"rendered":"http:\/\/www.rezeau.org\/wp-garden\/?p=7606"},"modified":"2021-02-01T23:09:26","modified_gmt":"2021-02-01T22:09:26","slug":"pluie-dovnis-sur-le-jardin-de-papi-jo","status":"publish","type":"post","link":"https:\/\/www.rezeau.org\/wp-garden\/fr\/pluie-dovnis-sur-le-jardin-de-papi-jo\/","title":{"rendered":"Pluie d&#8217;OVNIs sur le jardin de papi Jo"},"content":{"rendered":"\n<p>Ce matin de bonne heure une averse de petits OVNIs est tomb\u00e9e sur le jardin de papi Jo. Un spectacle de saison, mais relativement rare en Bretagne. Aucun d\u00e9g\u00e2t constat\u00e9 sur les floraisons printani\u00e8res. Ouf&nbsp;!<\/p>\n\n\n\n<figure class=\"wp-block-image alignnone size-full\"><a href=\"http:\/\/www.rezeau.org\/wp-garden\/wp-content\/uploads\/ovni-01-04-2017.jpg\" rel=\"lightbox[7606]\"><img loading=\"lazy\" decoding=\"async\" width=\"1024\" height=\"683\" src=\"https:\/\/www.rezeau.org\/wp-garden\/wp-content\/uploads\/ovni-01-04-2017.jpg\" alt=\"Pluie d'OVNIs dans le jardin de papi Jo\" class=\"wp-image-7604\" srcset=\"https:\/\/www.rezeau.org\/wp-garden\/wp-content\/uploads\/ovni-01-04-2017.jpg 1024w, https:\/\/www.rezeau.org\/wp-garden\/wp-content\/uploads\/ovni-01-04-2017-300x200.jpg 300w, https:\/\/www.rezeau.org\/wp-garden\/wp-content\/uploads\/ovni-01-04-2017-768x512.jpg 768w\" sizes=\"auto, (max-width: 1024px) 100vw, 1024px\" \/><\/a><\/figure>\n","protected":false},"excerpt":{"rendered":"<p>Ce matin de bonne heure une averse de petits OVNIs est tomb\u00e9e sur le jardin de papi Jo. Un spectacle de saison, mais relativement rare en Bretagne. Aucun d\u00e9g\u00e2t constat\u00e9 sur les floraisons printani\u00e8res. Ouf&nbsp;!<\/p>\n<p class=\"continue-reading-button\"> <a class=\"continue-reading-link\" href=\"https:\/\/www.rezeau.org\/wp-garden\/fr\/pluie-dovnis-sur-le-jardin-de-papi-jo\/\">Continue reading<i class=\"crycon-right-dir\"><\/i><\/a><\/p>\n","protected":false},"author":2,"featured_media":0,"comment_status":"closed","ping_status":"closed","sticky":false,"template":"","format":"standard","meta":{"_acf_changed":false,"footnotes":""},"categories":[677],"tags":[],"class_list":["post-7606","post","type-post","status-publish","format-standard","hentry","category-journal-du-jardin"],"acf":[],"_links":{"self":[{"href":"https:\/\/www.rezeau.org\/wp-garden\/wp-json\/wp\/v2\/posts\/7606","targetHints":{"allow":["GET"]}}],"collection":[{"href":"https:\/\/www.rezeau.org\/wp-garden\/wp-json\/wp\/v2\/posts"}],"about":[{"href":"https:\/\/www.rezeau.org\/wp-garden\/wp-json\/wp\/v2\/types\/post"}],"author":[{"embeddable":true,"href":"https:\/\/www.rezeau.org\/wp-garden\/wp-json\/wp\/v2\/users\/2"}],"replies":[{"embeddable":true,"href":"https:\/\/www.rezeau.org\/wp-garden\/wp-json\/wp\/v2\/comments?post=7606"}],"version-history":[{"count":0,"href":"https:\/\/www.rezeau.org\/wp-garden\/wp-json\/wp\/v2\/posts\/7606\/revisions"}],"wp:attachment":[{"href":"https:\/\/www.rezeau.org\/wp-garden\/wp-json\/wp\/v2\/media?parent=7606"}],"wp:term":[{"taxonomy":"category","embeddable":true,"href":"https:\/\/www.rezeau.org\/wp-garden\/wp-json\/wp\/v2\/categories?post=7606"},{"taxonomy":"post_tag","embeddable":true,"href":"https:\/\/www.rezeau.org\/wp-garden\/wp-json\/wp\/v2\/tags?post=7606"}],"curies":[{"name":"wp","href":"https:\/\/api.w.org\/{rel}","templated":true}]}}