
{"id":7797,"date":"2017-04-30T11:28:14","date_gmt":"2017-04-30T09:28:14","guid":{"rendered":"http:\/\/www.rezeau.org\/wp-garden\/?p=7797"},"modified":"2021-02-01T23:01:38","modified_gmt":"2021-02-01T22:01:38","slug":"dites-le-avec-des-fleurs","status":"publish","type":"post","link":"https:\/\/www.rezeau.org\/wp-garden\/fr\/dites-le-avec-des-fleurs\/","title":{"rendered":"Dites-le avec des fleurs !"},"content":{"rendered":"\n<p>Contre le front de la haine, le pouvoir des fleurs.<\/p>\n\n\n\n<figure class=\"wp-block-gallery aligncenter columns-2 is-cropped wp-block-gallery-1 is-layout-flex wp-block-gallery-is-layout-flex\"><ul class=\"blocks-gallery-grid\"><li class=\"blocks-gallery-item\"><figure><a href=\"https:\/\/www.rezeau.org\/wp-garden\/wp-content\/uploads\/Rosa-Madame-Alfred-Carri\u00e8re-17-04-2017.jpg\" rel=\"lightbox[7797]\"><img loading=\"lazy\" decoding=\"async\" width=\"800\" height=\"533\" src=\"https:\/\/www.rezeau.org\/wp-garden\/wp-content\/uploads\/Rosa-Madame-Alfred-Carri\u00e8re-17-04-2017.jpg\" alt=\"Premi\u00e8res fleurs de la saison. Un look d\u00e9coiff\u00e9 et sans pr\u00e9tention et un superbe parfum.\" data-id=\"7703\" class=\"wp-image-7703\" srcset=\"https:\/\/www.rezeau.org\/wp-garden\/wp-content\/uploads\/Rosa-Madame-Alfred-Carri\u00e8re-17-04-2017.jpg 800w, https:\/\/www.rezeau.org\/wp-garden\/wp-content\/uploads\/Rosa-Madame-Alfred-Carri\u00e8re-17-04-2017-300x200.jpg 300w, https:\/\/www.rezeau.org\/wp-garden\/wp-content\/uploads\/Rosa-Madame-Alfred-Carri\u00e8re-17-04-2017-768x512.jpg 768w\" sizes=\"auto, (max-width: 800px) 100vw, 800px\" \/><\/a><figcaption class=\"blocks-gallery-item__caption\"><em>Rosa<\/em> &#8216;Madame Alfred Carri\u00e8re&#8217; 17\/04\/2017<\/figcaption><\/figure><\/li><li class=\"blocks-gallery-item\"><figure><a href=\"https:\/\/www.rezeau.org\/wp-garden\/wp-content\/uploads\/H-IMGP1283.jpg\" rel=\"lightbox[7797]\"><img loading=\"lazy\" decoding=\"async\" width=\"800\" height=\"533\" src=\"https:\/\/www.rezeau.org\/wp-garden\/wp-content\/uploads\/H-IMGP1283.jpg\" alt=\"La &quot;vraie&quot; tulipe Ang\u00e9lique sur fond de s\u00e9dum. Fin Avril.\" data-id=\"7789\" class=\"wp-image-7789\" srcset=\"https:\/\/www.rezeau.org\/wp-garden\/wp-content\/uploads\/H-IMGP1283.jpg 800w, https:\/\/www.rezeau.org\/wp-garden\/wp-content\/uploads\/H-IMGP1283-300x200.jpg 300w, https:\/\/www.rezeau.org\/wp-garden\/wp-content\/uploads\/H-IMGP1283-768x512.jpg 768w\" sizes=\"auto, (max-width: 800px) 100vw, 800px\" \/><\/a><figcaption class=\"blocks-gallery-item__caption\"><em>Tulipa<\/em> &#8216;Ang\u00e9lique&#8217; 22\/04\/2017<\/figcaption><\/figure><\/li><li class=\"blocks-gallery-item\"><figure><a href=\"https:\/\/www.rezeau.org\/wp-garden\/wp-content\/uploads\/H-IMGP1302.jpg\" rel=\"lightbox[7797]\"><img loading=\"lazy\" decoding=\"async\" width=\"800\" height=\"533\" src=\"https:\/\/www.rezeau.org\/wp-garden\/wp-content\/uploads\/H-IMGP1302.jpg\" alt=\"D\u00e9but d'apparition des hampes florales\" data-id=\"7791\" class=\"wp-image-7791\" srcset=\"https:\/\/www.rezeau.org\/wp-garden\/wp-content\/uploads\/H-IMGP1302.jpg 800w, https:\/\/www.rezeau.org\/wp-garden\/wp-content\/uploads\/H-IMGP1302-300x200.jpg 300w, https:\/\/www.rezeau.org\/wp-garden\/wp-content\/uploads\/H-IMGP1302-768x512.jpg 768w\" sizes=\"auto, (max-width: 800px) 100vw, 800px\" \/><\/a><figcaption class=\"blocks-gallery-item__caption\"><em>Heuchera<\/em> &#8216;Black Beauty&#8217; 22\/04\/2017<\/figcaption><\/figure><\/li><li class=\"blocks-gallery-item\"><figure><a href=\"https:\/\/www.rezeau.org\/wp-garden\/wp-content\/uploads\/H-IMGP1290.jpg\" rel=\"lightbox[7797]\"><img loading=\"lazy\" decoding=\"async\" width=\"800\" height=\"533\" src=\"https:\/\/www.rezeau.org\/wp-garden\/wp-content\/uploads\/H-IMGP1290.jpg\" alt=\"La &quot;vraie&quot; tulipe Ang\u00e9lique sur fond de s\u00e9dum. Fin Avril.\" data-id=\"7790\" class=\"wp-image-7790\" srcset=\"https:\/\/www.rezeau.org\/wp-garden\/wp-content\/uploads\/H-IMGP1290.jpg 800w, https:\/\/www.rezeau.org\/wp-garden\/wp-content\/uploads\/H-IMGP1290-300x200.jpg 300w, https:\/\/www.rezeau.org\/wp-garden\/wp-content\/uploads\/H-IMGP1290-768x512.jpg 768w\" sizes=\"auto, (max-width: 800px) 100vw, 800px\" \/><\/a><figcaption class=\"blocks-gallery-item__caption\"><em>Tulipa<\/em> &#8216;Ang\u00e9lique&#8217; 22\/04\/2017<\/figcaption><\/figure><\/li><\/ul><\/figure>\n","protected":false},"excerpt":{"rendered":"<p>Contre le front de la haine, le pouvoir des fleurs.<\/p>\n<p class=\"continue-reading-button\"> <a class=\"continue-reading-link\" href=\"https:\/\/www.rezeau.org\/wp-garden\/fr\/dites-le-avec-des-fleurs\/\">Continue reading<i class=\"crycon-right-dir\"><\/i><\/a><\/p>\n","protected":false},"author":2,"featured_media":0,"comment_status":"closed","ping_status":"closed","sticky":false,"template":"","format":"standard","meta":{"_acf_changed":false,"footnotes":""},"categories":[677],"tags":[],"class_list":["post-7797","post","type-post","status-publish","format-standard","hentry","category-journal-du-jardin"],"acf":[],"_links":{"self":[{"href":"https:\/\/www.rezeau.org\/wp-garden\/wp-json\/wp\/v2\/posts\/7797","targetHints":{"allow":["GET"]}}],"collection":[{"href":"https:\/\/www.rezeau.org\/wp-garden\/wp-json\/wp\/v2\/posts"}],"about":[{"href":"https:\/\/www.rezeau.org\/wp-garden\/wp-json\/wp\/v2\/types\/post"}],"author":[{"embeddable":true,"href":"https:\/\/www.rezeau.org\/wp-garden\/wp-json\/wp\/v2\/users\/2"}],"replies":[{"embeddable":true,"href":"https:\/\/www.rezeau.org\/wp-garden\/wp-json\/wp\/v2\/comments?post=7797"}],"version-history":[{"count":0,"href":"https:\/\/www.rezeau.org\/wp-garden\/wp-json\/wp\/v2\/posts\/7797\/revisions"}],"wp:attachment":[{"href":"https:\/\/www.rezeau.org\/wp-garden\/wp-json\/wp\/v2\/media?parent=7797"}],"wp:term":[{"taxonomy":"category","embeddable":true,"href":"https:\/\/www.rezeau.org\/wp-garden\/wp-json\/wp\/v2\/categories?post=7797"},{"taxonomy":"post_tag","embeddable":true,"href":"https:\/\/www.rezeau.org\/wp-garden\/wp-json\/wp\/v2\/tags?post=7797"}],"curies":[{"name":"wp","href":"https:\/\/api.w.org\/{rel}","templated":true}]}}