
{"id":8018,"date":"2017-06-13T23:07:50","date_gmt":"2017-06-13T21:07:50","guid":{"rendered":"http:\/\/www.rezeau.org\/wp-garden\/?p=8018"},"modified":"2021-02-01T22:49:58","modified_gmt":"2021-02-01T21:49:58","slug":"le-jardin-de-papi-jo-a-recu-170-visiteurs","status":"publish","type":"post","link":"https:\/\/www.rezeau.org\/wp-garden\/fr\/le-jardin-de-papi-jo-a-recu-170-visiteurs\/","title":{"rendered":"Le jardin de papi Jo a re\u00e7u 170 visiteurs !"},"content":{"rendered":"\n<div class=\"wp-block-image\"><figure class=\"alignleft size-medium\"><a href=\"http:\/\/www.rezeau.org\/wp-garden\/wp-content\/uploads\/H-IMGP2109.jpg\" rel=\"lightbox[8018]\"><img loading=\"lazy\" decoding=\"async\" width=\"300\" height=\"200\" src=\"https:\/\/www.rezeau.org\/wp-garden\/wp-content\/uploads\/H-IMGP2109-300x200.jpg\" alt=\"\" class=\"wp-image-8022\" srcset=\"https:\/\/www.rezeau.org\/wp-garden\/wp-content\/uploads\/H-IMGP2109-300x200.jpg 300w, https:\/\/www.rezeau.org\/wp-garden\/wp-content\/uploads\/H-IMGP2109-768x512.jpg 768w, https:\/\/www.rezeau.org\/wp-garden\/wp-content\/uploads\/H-IMGP2109.jpg 800w\" sizes=\"auto, (max-width: 300px) 100vw, 300px\" \/><\/a><figcaption>10\/06\/2017<\/figcaption><\/figure><\/div>\n\n\n\n<p>Dans le cadre de l&#8217;op\u00e9ration &#8220;Bienvenue dans mon jardin en Bretagne&#8221;, le jardin de papi Jo a re\u00e7u 170 visiteurs ce week-end des 10 et 11 juin. Presque autant que d&#8217;esp\u00e8ces de plantes du jardin (176 \u00e0 ce jour). Le temps \u00e9tait parfait, ciel bleu avec de petits nuages, parfois voil\u00e9, et petite brise. Avec le renfort de notre ami anglais Rob nous n&#8217;\u00e9tions pas trop de trois pour accueillir, guider les visiteurs et r\u00e9pondre \u00e0 leurs questions.<br style=\"clear: both;\"><\/p>\n\n\n\n<div class=\"wp-block-image\"><figure class=\"alignleft size-medium\"><a href=\"http:\/\/www.rezeau.org\/wp-garden\/wp-content\/uploads\/H-IMGP1933.jpg\" rel=\"lightbox[8018]\"><img loading=\"lazy\" decoding=\"async\" width=\"300\" height=\"169\" src=\"https:\/\/www.rezeau.org\/wp-garden\/wp-content\/uploads\/H-IMGP1933-300x169.jpg\" alt=\"\" class=\"wp-image-8019\" srcset=\"https:\/\/www.rezeau.org\/wp-garden\/wp-content\/uploads\/H-IMGP1933-300x169.jpg 300w, https:\/\/www.rezeau.org\/wp-garden\/wp-content\/uploads\/H-IMGP1933-768x432.jpg 768w, https:\/\/www.rezeau.org\/wp-garden\/wp-content\/uploads\/H-IMGP1933.jpg 800w\" sizes=\"auto, (max-width: 300px) 100vw, 300px\" \/><\/a><figcaption>11\/06\/2017<\/figcaption><\/figure><\/div>\n\n\n\n<p>Les enfants ont appr\u00e9ci\u00e9 de pouvoir se rouler dans un gazon tout doux, les grandes personnes sont sagement rest\u00e9es en dehors des massifs et n&#8217;ont rien ab\u00eem\u00e9 du tout. Il a m\u00eame fallu insister pour leur faire caresser les plantes douces au toucher, comme <a href=\"http:\/\/www.rezeau.org\/wp-garden\/fr\/dorycnium-hirsutum-frejorgues-fr\/\">la <\/a><span class=\"nom_commun\">dorycnie hirsute ou encore froisser les feuilles de <a href=\"http:\/\/www.rezeau.org\/wp-garden\/fr\/diosma-hirsuta-pink-fountain\/\">la plante du p\u00eacheur<\/a> ou des p\u00e9largoniums odorants pour sentir leur parfum.<br><\/span><\/p>\n\n\n\n<p><br style=\"clear: both;\">Pour r\u00e9pondre \u00e0 la question &#8220;comment faites-vous pour avoir un si beau gazon&nbsp;?&#8221;, papi Jo a donn\u00e9 toutes les informations, depuis la pr\u00e9paration du terrain en passant par le choix de la bonne semence et pour finir avec l&#8217;\u00e9limination des &#8220;herbes non souhait\u00e9es&#8221; et la taille nette des bordures. Au moment de faire la d\u00e9monstration de l&#8217;outil pour \u00e9liminer les pissenlits, les visiteurs ont en vain cherch\u00e9 un sp\u00e9cimen de cette plante, absente du gazon du jardin de papi Jo. Nous nous sommes rabattus sur une petite touffe de chiendent, facilement \u00e9limin\u00e9e mais qui a laiss\u00e9 un trou dans le beau gazon. Trou vite combl\u00e9 avec quelques graines et du terreau. Les <a href=\"http:\/\/www.perrywood.co.uk\/shop\/media\/catalog\/product\/cache\/1\/image\/9df78eab33525d08d6e5fb8d27136e95\/1\/1\/1111138w.jpg\" rel=\"lightbox[8018]\">cisailles \u00e0 long manche<\/a> en provenance d&#8217;Angleterre ont \u00e9t\u00e9 d&#8217;autant plus admir\u00e9es que cet outil est totalement inconnu chez nous (merci Rob).<\/p>\n\n\n\n<div class=\"wp-block-image\"><figure class=\"alignleft size-medium\"><a href=\"https:\/\/www.rezeau.org\/wp-garden\/wp-content\/uploads\/H-IMGP2083.jpg\" rel=\"lightbox[8018]\"><img loading=\"lazy\" decoding=\"async\" width=\"300\" height=\"200\" src=\"https:\/\/www.rezeau.org\/wp-garden\/wp-content\/uploads\/H-IMGP2083-300x200.jpg\" alt=\"\" class=\"wp-image-8020\" srcset=\"https:\/\/www.rezeau.org\/wp-garden\/wp-content\/uploads\/H-IMGP2083-300x200.jpg 300w, https:\/\/www.rezeau.org\/wp-garden\/wp-content\/uploads\/H-IMGP2083-768x512.jpg 768w, https:\/\/www.rezeau.org\/wp-garden\/wp-content\/uploads\/H-IMGP2083.jpg 800w\" sizes=\"auto, (max-width: 300px) 100vw, 300px\" \/><\/a><figcaption>12\/06\/2017<\/figcaption><\/figure><\/div>\n\n\n\n<p>Une visiteuse non pr\u00e9vue a permis \u00e0 papi Jo de coiffer sa casquette d\u2019entomologiste amateur pour \u00e9clairer le public. En effet, une chenille de machaon \u00e9tait install\u00e9e sur le feuillage de la rue (<em>Ruta graveolens<\/em>). J&#8217;ai pu constater \u00e0 cette occasion que seulement la moiti\u00e9 des visiteurs connaissaient ce magnifique papillon, h\u00e9las de plus en plus rare dans la r\u00e9gion.<\/p>\n\n\n\n<div style=\"height:6px\" aria-hidden=\"true\" class=\"wp-block-spacer\"><\/div>\n\n\n\n<p>Petite liste des plantes qui assuraient le spectacle, chacune \u00e0 sa fa\u00e7on&nbsp;:<\/p>\n\n\n\n<ul class=\"wp-block-list\"><li><a href=\"http:\/\/www.rezeau.org\/wp-garden\/fr\/daphne-x-transatlantica-eternal-fragrance\/\">Daphne x transatlantica \u2018Eternal Fragrance\u2019<\/a> en pleine floraison et puissant parfum&nbsp;;<\/li><li><a href=\"http:\/\/www.rezeau.org\/wp-garden\/fr\/clematis-early-sensation\/\">Clematis \u2018Early Sensation\u2019<\/a> avec ses fruits plumeux&nbsp;;<\/li><li><a href=\"http:\/\/www.rezeau.org\/wp-garden\/fr\/macleaya-cordata\/\">Macleaya cordata<\/a>, une plante inconnue de tous&nbsp;;<\/li><li>Oenothera speciosa &#8216;Siskiyou&#8217;, couverte de ravissantes fleurs rose clair&nbsp;;<\/li><li><a href=\"http:\/\/www.rezeau.org\/wp-garden\/fr\/rosa-noason-celina\/\">le rosier Celina<\/a>, d\u00e9goulinant de petites roses jaune p\u00e2le&nbsp;;<\/li><li><a href=\"http:\/\/www.rezeau.org\/wp-garden\/fr\/clematis-jackmanii\/\">la cl\u00e9matite &#8216;Jackmannii&#8217;<\/a> mont\u00e9e \u00e0 l&#8217;assaut de la glycine&nbsp;;<\/li><li>et bien d&#8217;autres encore&#8230;<\/li><\/ul>\n\n\n\n<div class=\"wp-block-image\"><figure class=\"alignleft\"><a href=\"http:\/\/www.rezeau.org\/wp-garden\/wp-content\/uploads\/H-IMGP2103.jpg\" rel=\"lightbox[8018]\"><img loading=\"lazy\" decoding=\"async\" width=\"300\" height=\"200\" src=\"http:\/\/www.rezeau.org\/wp-garden\/wp-content\/uploads\/H-IMGP2103-300x200.jpg\" alt=\"\" class=\"wp-image-8021\" srcset=\"https:\/\/www.rezeau.org\/wp-garden\/wp-content\/uploads\/H-IMGP2103-300x200.jpg 300w, https:\/\/www.rezeau.org\/wp-garden\/wp-content\/uploads\/H-IMGP2103-768x512.jpg 768w, https:\/\/www.rezeau.org\/wp-garden\/wp-content\/uploads\/H-IMGP2103.jpg 800w\" sizes=\"auto, (max-width: 300px) 100vw, 300px\" \/><\/a><figcaption>12\/06\/2017<\/figcaption><\/figure><\/div>\n\n\n\n<p>Pour les visiteurs &#8220;geek&#8221;, j&#8217;avais fait un essai d&#8217;\u00e9tiquettes de plantes avec <a href=\"https:\/\/fr.wikipedia.org\/wiki\/Code_QR\">QR code<\/a>, qu&#8217;il suffisait de flasher avec un smartphone pour avoir acc\u00e8s \u00e0 la fiche de la plante sur le site internet du jardin, avec les photos, etc. Quelques visiteurs ont pu tester ce nouveau type d&#8217;\u00e9tiquetage avec succ\u00e8s.<\/p>\n\n\n\n<div style=\"height:17px\" aria-hidden=\"true\" class=\"wp-block-spacer\"><\/div>\n\n\n\n<figure class=\"wp-block-embed is-type-video is-provider-youtube wp-block-embed-youtube wp-embed-aspect-16-9 wp-has-aspect-ratio\"><div class=\"wp-block-embed__wrapper\">\n<div class=\"epyt-video-wrapper\"><iframe loading=\"lazy\"  id=\"_ytid_54246\"  width=\"900\" height=\"506\"  data-origwidth=\"900\" data-origheight=\"506\"  data-relstop=\"1\" src=\"https:\/\/www.youtube.com\/embed\/zYgvSpEZhrY?enablejsapi=1&#038;autoplay=0&#038;cc_load_policy=0&#038;cc_lang_pref=&#038;iv_load_policy=1&#038;loop=0&#038;rel=0&#038;fs=1&#038;playsinline=0&#038;autohide=2&#038;theme=dark&#038;color=red&#038;controls=1&#038;disablekb=0&#038;\" class=\"__youtube_prefs__  epyt-is-override  no-lazyload\" title=\"YouTube player\"  allow=\"fullscreen; accelerometer; autoplay; clipboard-write; encrypted-media; gyroscope; picture-in-picture; web-share\" referrerpolicy=\"strict-origin-when-cross-origin\" allowfullscreen data-no-lazy=\"1\" data-skipgform_ajax_framebjll=\"\"><\/iframe><\/div>\n<\/div><\/figure>\n","protected":false},"excerpt":{"rendered":"<p>Dans le cadre de l&#8217;op\u00e9ration &#8220;Bienvenue dans mon jardin en Bretagne&#8221;, le jardin de papi Jo a re\u00e7u 170 visiteurs ce week-end des 10 et 11 juin. Presque autant que d&#8217;esp\u00e8ces de plantes du jardin (176 \u00e0 ce jour). Le temps \u00e9tait parfait, ciel bleu avec de petits nuages, parfois&#8230;<\/p>\n<p class=\"continue-reading-button\"> <a class=\"continue-reading-link\" href=\"https:\/\/www.rezeau.org\/wp-garden\/fr\/le-jardin-de-papi-jo-a-recu-170-visiteurs\/\">Continue reading<i class=\"crycon-right-dir\"><\/i><\/a><\/p>\n","protected":false},"author":2,"featured_media":0,"comment_status":"closed","ping_status":"closed","sticky":false,"template":"","format":"standard","meta":{"_acf_changed":false,"footnotes":""},"categories":[677],"tags":[],"class_list":["post-8018","post","type-post","status-publish","format-standard","hentry","category-journal-du-jardin"],"acf":[],"_links":{"self":[{"href":"https:\/\/www.rezeau.org\/wp-garden\/wp-json\/wp\/v2\/posts\/8018","targetHints":{"allow":["GET"]}}],"collection":[{"href":"https:\/\/www.rezeau.org\/wp-garden\/wp-json\/wp\/v2\/posts"}],"about":[{"href":"https:\/\/www.rezeau.org\/wp-garden\/wp-json\/wp\/v2\/types\/post"}],"author":[{"embeddable":true,"href":"https:\/\/www.rezeau.org\/wp-garden\/wp-json\/wp\/v2\/users\/2"}],"replies":[{"embeddable":true,"href":"https:\/\/www.rezeau.org\/wp-garden\/wp-json\/wp\/v2\/comments?post=8018"}],"version-history":[{"count":0,"href":"https:\/\/www.rezeau.org\/wp-garden\/wp-json\/wp\/v2\/posts\/8018\/revisions"}],"wp:attachment":[{"href":"https:\/\/www.rezeau.org\/wp-garden\/wp-json\/wp\/v2\/media?parent=8018"}],"wp:term":[{"taxonomy":"category","embeddable":true,"href":"https:\/\/www.rezeau.org\/wp-garden\/wp-json\/wp\/v2\/categories?post=8018"},{"taxonomy":"post_tag","embeddable":true,"href":"https:\/\/www.rezeau.org\/wp-garden\/wp-json\/wp\/v2\/tags?post=8018"}],"curies":[{"name":"wp","href":"https:\/\/api.w.org\/{rel}","templated":true}]}}