
{"id":8923,"date":"2017-07-29T16:21:46","date_gmt":"2017-07-29T14:21:46","guid":{"rendered":"http:\/\/www.rezeau.org\/wp-garden\/?p=8923"},"modified":"2021-02-01T18:28:35","modified_gmt":"2021-02-01T17:28:35","slug":"les-jardins-de-kerfouler","status":"publish","type":"post","link":"https:\/\/www.rezeau.org\/wp-garden\/fr\/les-jardins-de-kerfouler\/","title":{"rendered":"Les jardins de Kerfouler"},"content":{"rendered":"\n<p>Avec un couple d&#8217;amis nous sommes all\u00e9s visiter cette semaine les &#8220;jardins de Kerfouler&#8221; situ\u00e9s au sud de Tr\u00e9guier et de Paimpol dans le d\u00e9partement des C\u00f4tes d&#8217;Armor. J&#8217;y allais plein de pr\u00e9jug\u00e9s et un peu \u00e0 reculons, eh bien j&#8217;en reviens enchant\u00e9. Comme quoi il faut toujours se faire sa propre opinion \u00e0 chaque fois qu&#8217;on le peut.<br>Ma condition actuelle un peu chancelante n\u00e9cessitant deux b\u00e2tons de marche pour garder l&#8217;\u00e9quilibre je n&#8217;ai pas pu prendre de photos, mais j&#8217;en ai pris plein les mirettes. Avec cette multiplicit\u00e9 de petits jardins dispos\u00e9s quasiment en labyrinthe il y en a pour tous les go\u00fbts et j&#8217;ai pratiquement tout aim\u00e9. Coup de c\u0153ur pour le jardin blanc (&#8220;romantique&#8221;), un vrai joyau. V\u00e9g\u00e9tation \u00e9tonnamment dense pour un jardin aussi jeune, parfaitement entretenu, de tr\u00e8s belles associations de couleurs, un soin particulier apport\u00e9 aux mat\u00e9riaux des all\u00e9es. Du min\u00e9ral et quelques \u0153uvres d&#8217;art mais pas trop, heureusement.<br>Cerise sur le g\u00e2teau, on a droit \u00e0 une tasse de th\u00e9 ou une bol\u00e9e de cidre \u00e0 la fin de la visite. Les propri\u00e9taires sont charmants, connaisseurs et paraissent infatigables. Donc un jardin qui m\u00e9rite le label &#8220;vu et approuv\u00e9 par papi Jo&#8221;.<\/p>\n\n\n\n<div class=\"wp-block-buttons is-layout-flex wp-block-buttons-is-layout-flex\">\n<div class=\"wp-block-button\"><a class=\"wp-block-button__link\" href=\"http:\/\/www.les-jardins-de-kerfouler.fr\/les-jardins\/\" target=\"_blank\" rel=\"noreferrer noopener\">Site Web<\/a><\/div>\n<\/div>\n","protected":false},"excerpt":{"rendered":"<p>Avec un couple d&#8217;amis nous sommes all\u00e9s visiter cette semaine les &#8220;jardins de Kerfouler&#8221; situ\u00e9s au sud de Tr\u00e9guier et de Paimpol dans le d\u00e9partement des C\u00f4tes d&#8217;Armor. J&#8217;y allais plein de pr\u00e9jug\u00e9s et un peu \u00e0 reculons, eh bien j&#8217;en reviens enchant\u00e9. Comme quoi il faut toujours se faire&#8230;<\/p>\n<p class=\"continue-reading-button\"> <a class=\"continue-reading-link\" href=\"https:\/\/www.rezeau.org\/wp-garden\/fr\/les-jardins-de-kerfouler\/\">Continue reading<i class=\"crycon-right-dir\"><\/i><\/a><\/p>\n","protected":false},"author":2,"featured_media":0,"comment_status":"closed","ping_status":"closed","sticky":false,"template":"","format":"standard","meta":{"_acf_changed":false,"footnotes":""},"categories":[677],"tags":[1486],"class_list":["post-8923","post","type-post","status-publish","format-standard","hentry","category-journal-du-jardin","tag-visites"],"acf":[],"_links":{"self":[{"href":"https:\/\/www.rezeau.org\/wp-garden\/wp-json\/wp\/v2\/posts\/8923","targetHints":{"allow":["GET"]}}],"collection":[{"href":"https:\/\/www.rezeau.org\/wp-garden\/wp-json\/wp\/v2\/posts"}],"about":[{"href":"https:\/\/www.rezeau.org\/wp-garden\/wp-json\/wp\/v2\/types\/post"}],"author":[{"embeddable":true,"href":"https:\/\/www.rezeau.org\/wp-garden\/wp-json\/wp\/v2\/users\/2"}],"replies":[{"embeddable":true,"href":"https:\/\/www.rezeau.org\/wp-garden\/wp-json\/wp\/v2\/comments?post=8923"}],"version-history":[{"count":0,"href":"https:\/\/www.rezeau.org\/wp-garden\/wp-json\/wp\/v2\/posts\/8923\/revisions"}],"wp:attachment":[{"href":"https:\/\/www.rezeau.org\/wp-garden\/wp-json\/wp\/v2\/media?parent=8923"}],"wp:term":[{"taxonomy":"category","embeddable":true,"href":"https:\/\/www.rezeau.org\/wp-garden\/wp-json\/wp\/v2\/categories?post=8923"},{"taxonomy":"post_tag","embeddable":true,"href":"https:\/\/www.rezeau.org\/wp-garden\/wp-json\/wp\/v2\/tags?post=8923"}],"curies":[{"name":"wp","href":"https:\/\/api.w.org\/{rel}","templated":true}]}}