
{"id":9812,"date":"2017-10-16T16:24:24","date_gmt":"2017-10-16T14:24:24","guid":{"rendered":"http:\/\/www.rezeau.org\/wp-garden\/?p=9812"},"modified":"2021-02-01T16:27:46","modified_gmt":"2021-02-01T15:27:46","slug":"ciel-dapocalypse-sur-la-bretagne","status":"publish","type":"post","link":"https:\/\/www.rezeau.org\/wp-garden\/fr\/ciel-dapocalypse-sur-la-bretagne\/","title":{"rendered":"Ciel d&#8217;apocalypse sur la Bretagne"},"content":{"rendered":"\n<p>Depuis ce midi le ciel a pris une curieuse couleur jaune orang\u00e9. Ph\u00e9nom\u00e8ne li\u00e9 au passage de l&#8217;ouragan Oph\u00e9lia au large des c\u00f4tes de la Bretagne.<\/p>\n\n\n\n<figure class=\"wp-block-gallery columns-3 is-cropped wp-block-gallery-1 is-layout-flex wp-block-gallery-is-layout-flex\"><ul class=\"blocks-gallery-grid\"><li class=\"blocks-gallery-item\"><figure><img loading=\"lazy\" decoding=\"async\" width=\"300\" height=\"300\" src=\"http:\/\/www.rezeau.org\/wp-garden\/wp-content\/uploads\/H-IMGP2761-300x300.jpg\" alt=\"\" data-id=\"9815\" class=\"wp-image-9815\" srcset=\"https:\/\/www.rezeau.org\/wp-garden\/wp-content\/uploads\/H-IMGP2761-300x300.jpg 300w, https:\/\/www.rezeau.org\/wp-garden\/wp-content\/uploads\/H-IMGP2761-150x150.jpg 150w, https:\/\/www.rezeau.org\/wp-garden\/wp-content\/uploads\/H-IMGP2761-768x768.jpg 768w, https:\/\/www.rezeau.org\/wp-garden\/wp-content\/uploads\/H-IMGP2761.jpg 800w\" sizes=\"auto, (max-width: 300px) 100vw, 300px\" \/><\/figure><\/li><li class=\"blocks-gallery-item\"><figure><img loading=\"lazy\" decoding=\"async\" width=\"300\" height=\"200\" src=\"http:\/\/www.rezeau.org\/wp-garden\/wp-content\/uploads\/H-IMGP2778-300x200.jpg\" alt=\"\" data-id=\"9814\" class=\"wp-image-9814\" srcset=\"https:\/\/www.rezeau.org\/wp-garden\/wp-content\/uploads\/H-IMGP2778-300x200.jpg 300w, https:\/\/www.rezeau.org\/wp-garden\/wp-content\/uploads\/H-IMGP2778-768x512.jpg 768w, https:\/\/www.rezeau.org\/wp-garden\/wp-content\/uploads\/H-IMGP2778.jpg 800w\" sizes=\"auto, (max-width: 300px) 100vw, 300px\" \/><\/figure><\/li><li class=\"blocks-gallery-item\"><figure><img loading=\"lazy\" decoding=\"async\" width=\"300\" height=\"200\" src=\"http:\/\/www.rezeau.org\/wp-garden\/wp-content\/uploads\/H-IMGP2780-300x200.jpg\" alt=\"\" data-id=\"9813\" class=\"wp-image-9813\" srcset=\"https:\/\/www.rezeau.org\/wp-garden\/wp-content\/uploads\/H-IMGP2780-300x200.jpg 300w, https:\/\/www.rezeau.org\/wp-garden\/wp-content\/uploads\/H-IMGP2780-768x512.jpg 768w, https:\/\/www.rezeau.org\/wp-garden\/wp-content\/uploads\/H-IMGP2780.jpg 800w\" sizes=\"auto, (max-width: 300px) 100vw, 300px\" \/><\/figure><\/li><\/ul><\/figure>\n","protected":false},"excerpt":{"rendered":"<p>Depuis ce midi le ciel a pris une curieuse couleur jaune orang\u00e9. Ph\u00e9nom\u00e8ne li\u00e9 au passage de l&#8217;ouragan Oph\u00e9lia au large des c\u00f4tes de la Bretagne.<\/p>\n<p class=\"continue-reading-button\"> <a class=\"continue-reading-link\" href=\"https:\/\/www.rezeau.org\/wp-garden\/fr\/ciel-dapocalypse-sur-la-bretagne\/\">Continue reading<i class=\"crycon-right-dir\"><\/i><\/a><\/p>\n","protected":false},"author":2,"featured_media":0,"comment_status":"closed","ping_status":"closed","sticky":false,"template":"","format":"standard","meta":{"_acf_changed":false,"footnotes":""},"categories":[677],"tags":[],"class_list":["post-9812","post","type-post","status-publish","format-standard","hentry","category-journal-du-jardin"],"acf":[],"_links":{"self":[{"href":"https:\/\/www.rezeau.org\/wp-garden\/wp-json\/wp\/v2\/posts\/9812","targetHints":{"allow":["GET"]}}],"collection":[{"href":"https:\/\/www.rezeau.org\/wp-garden\/wp-json\/wp\/v2\/posts"}],"about":[{"href":"https:\/\/www.rezeau.org\/wp-garden\/wp-json\/wp\/v2\/types\/post"}],"author":[{"embeddable":true,"href":"https:\/\/www.rezeau.org\/wp-garden\/wp-json\/wp\/v2\/users\/2"}],"replies":[{"embeddable":true,"href":"https:\/\/www.rezeau.org\/wp-garden\/wp-json\/wp\/v2\/comments?post=9812"}],"version-history":[{"count":0,"href":"https:\/\/www.rezeau.org\/wp-garden\/wp-json\/wp\/v2\/posts\/9812\/revisions"}],"wp:attachment":[{"href":"https:\/\/www.rezeau.org\/wp-garden\/wp-json\/wp\/v2\/media?parent=9812"}],"wp:term":[{"taxonomy":"category","embeddable":true,"href":"https:\/\/www.rezeau.org\/wp-garden\/wp-json\/wp\/v2\/categories?post=9812"},{"taxonomy":"post_tag","embeddable":true,"href":"https:\/\/www.rezeau.org\/wp-garden\/wp-json\/wp\/v2\/tags?post=9812"}],"curies":[{"name":"wp","href":"https:\/\/api.w.org\/{rel}","templated":true}]}}