
{"id":9890,"date":"2017-12-15T18:39:14","date_gmt":"2017-12-15T17:39:14","guid":{"rendered":"http:\/\/www.rezeau.org\/wp-garden\/?p=9890"},"modified":"2021-02-01T16:17:31","modified_gmt":"2021-02-01T15:17:31","slug":"le-bio-cest-beau-ou-pas","status":"publish","type":"post","link":"https:\/\/www.rezeau.org\/wp-garden\/fr\/le-bio-cest-beau-ou-pas\/","title":{"rendered":"Le bio c&#8217;est beau (ou pas&#8230;)"},"content":{"rendered":"\n<p>J&#8217;ach\u00e8te mes pommes pour l&#8217;hiver chez un pomiculteur bio \u00e0 c\u00f4t\u00e9 de chez moi. Certains sp\u00e9cimens sont particuli\u00e8rement moches, ce qui ne les emp\u00eache pas d&#8217;\u00eatre bons &#8212; heureusement.<\/p>\n\n\n\n<figure class=\"wp-block-gallery columns-3 is-cropped wp-block-gallery-1 is-layout-flex wp-block-gallery-is-layout-flex\"><ul class=\"blocks-gallery-grid\"><li class=\"blocks-gallery-item\"><figure><a href=\"https:\/\/www.rezeau.org\/wp-garden\/wp-content\/uploads\/H-IMGP2907.jpg\" rel=\"lightbox[9890]\"><img loading=\"lazy\" decoding=\"async\" width=\"800\" height=\"800\" src=\"https:\/\/www.rezeau.org\/wp-garden\/wp-content\/uploads\/H-IMGP2907.jpg\" alt=\"\" data-id=\"9880\" class=\"wp-image-9880\" srcset=\"https:\/\/www.rezeau.org\/wp-garden\/wp-content\/uploads\/H-IMGP2907.jpg 800w, https:\/\/www.rezeau.org\/wp-garden\/wp-content\/uploads\/H-IMGP2907-150x150.jpg 150w, https:\/\/www.rezeau.org\/wp-garden\/wp-content\/uploads\/H-IMGP2907-300x300.jpg 300w, https:\/\/www.rezeau.org\/wp-garden\/wp-content\/uploads\/H-IMGP2907-768x768.jpg 768w\" sizes=\"auto, (max-width: 800px) 100vw, 800px\" \/><\/a><\/figure><\/li><li class=\"blocks-gallery-item\"><figure><a href=\"https:\/\/www.rezeau.org\/wp-garden\/wp-content\/uploads\/H-IMGP2898.jpg\" rel=\"lightbox[9890]\"><img loading=\"lazy\" decoding=\"async\" width=\"800\" height=\"800\" src=\"https:\/\/www.rezeau.org\/wp-garden\/wp-content\/uploads\/H-IMGP2898.jpg\" alt=\"\" data-id=\"9881\" class=\"wp-image-9881\" srcset=\"https:\/\/www.rezeau.org\/wp-garden\/wp-content\/uploads\/H-IMGP2898.jpg 800w, https:\/\/www.rezeau.org\/wp-garden\/wp-content\/uploads\/H-IMGP2898-150x150.jpg 150w, https:\/\/www.rezeau.org\/wp-garden\/wp-content\/uploads\/H-IMGP2898-300x300.jpg 300w, https:\/\/www.rezeau.org\/wp-garden\/wp-content\/uploads\/H-IMGP2898-768x768.jpg 768w\" sizes=\"auto, (max-width: 800px) 100vw, 800px\" \/><\/a><\/figure><\/li><li class=\"blocks-gallery-item\"><figure><a href=\"https:\/\/www.rezeau.org\/wp-garden\/wp-content\/uploads\/H-IMGP2896.jpg\" rel=\"lightbox[9890]\"><img loading=\"lazy\" decoding=\"async\" width=\"800\" height=\"800\" src=\"https:\/\/www.rezeau.org\/wp-garden\/wp-content\/uploads\/H-IMGP2896.jpg\" alt=\"\" data-id=\"9882\" class=\"wp-image-9882\" srcset=\"https:\/\/www.rezeau.org\/wp-garden\/wp-content\/uploads\/H-IMGP2896.jpg 800w, https:\/\/www.rezeau.org\/wp-garden\/wp-content\/uploads\/H-IMGP2896-150x150.jpg 150w, https:\/\/www.rezeau.org\/wp-garden\/wp-content\/uploads\/H-IMGP2896-300x300.jpg 300w, https:\/\/www.rezeau.org\/wp-garden\/wp-content\/uploads\/H-IMGP2896-768x768.jpg 768w\" sizes=\"auto, (max-width: 800px) 100vw, 800px\" \/><\/a><\/figure><\/li><\/ul><figcaption class=\"blocks-gallery-caption\"><em>Quelques sp\u00e9cimens de cette ann\u00e9e photographi\u00e9s \u00e0 la maison\u2026<\/em><\/figcaption><\/figure>\n\n\n\n<div style=\"height:7px\" aria-hidden=\"true\" class=\"wp-block-spacer\"><\/div>\n\n\n\n<figure class=\"wp-block-gallery aligncenter columns-2 is-cropped wp-block-gallery-2 is-layout-flex wp-block-gallery-is-layout-flex\"><ul class=\"blocks-gallery-grid\"><li class=\"blocks-gallery-item\"><figure><a href=\"https:\/\/www.rezeau.org\/wp-garden\/wp-content\/uploads\/H-IMGP2891.jpg\" rel=\"lightbox[9890]\"><img loading=\"lazy\" decoding=\"async\" width=\"800\" height=\"533\" src=\"https:\/\/www.rezeau.org\/wp-garden\/wp-content\/uploads\/H-IMGP2891.jpg\" alt=\"\" data-id=\"9884\" class=\"wp-image-9884\" srcset=\"https:\/\/www.rezeau.org\/wp-garden\/wp-content\/uploads\/H-IMGP2891.jpg 800w, https:\/\/www.rezeau.org\/wp-garden\/wp-content\/uploads\/H-IMGP2891-300x200.jpg 300w, https:\/\/www.rezeau.org\/wp-garden\/wp-content\/uploads\/H-IMGP2891-768x512.jpg 768w\" sizes=\"auto, (max-width: 800px) 100vw, 800px\" \/><\/a><\/figure><\/li><li class=\"blocks-gallery-item\"><figure><a href=\"https:\/\/www.rezeau.org\/wp-garden\/wp-content\/uploads\/H-IMGP2892.jpg\" rel=\"lightbox[9890]\"><img loading=\"lazy\" decoding=\"async\" width=\"800\" height=\"800\" src=\"https:\/\/www.rezeau.org\/wp-garden\/wp-content\/uploads\/H-IMGP2892.jpg\" alt=\"\" data-id=\"9883\" class=\"wp-image-9883\" srcset=\"https:\/\/www.rezeau.org\/wp-garden\/wp-content\/uploads\/H-IMGP2892.jpg 800w, https:\/\/www.rezeau.org\/wp-garden\/wp-content\/uploads\/H-IMGP2892-150x150.jpg 150w, https:\/\/www.rezeau.org\/wp-garden\/wp-content\/uploads\/H-IMGP2892-300x300.jpg 300w, https:\/\/www.rezeau.org\/wp-garden\/wp-content\/uploads\/H-IMGP2892-768x768.jpg 768w\" sizes=\"auto, (max-width: 800px) 100vw, 800px\" \/><\/a><\/figure><\/li><\/ul><figcaption class=\"blocks-gallery-caption\"><em>Et deux images &#8220;po\u00e9tiques&#8221; : la pomme &#8216;papillon&#8217; et la beaut\u00e9 int\u00e9rieure d&#8217;une petite Melrose.<\/em><\/figcaption><\/figure>\n","protected":false},"excerpt":{"rendered":"<p>J&#8217;ach\u00e8te mes pommes pour l&#8217;hiver chez un pomiculteur bio \u00e0 c\u00f4t\u00e9 de chez moi. Certains sp\u00e9cimens sont particuli\u00e8rement moches, ce qui ne les emp\u00eache pas d&#8217;\u00eatre bons &#8212; heureusement.<\/p>\n<p class=\"continue-reading-button\"> <a class=\"continue-reading-link\" href=\"https:\/\/www.rezeau.org\/wp-garden\/fr\/le-bio-cest-beau-ou-pas\/\">Continue reading<i class=\"crycon-right-dir\"><\/i><\/a><\/p>\n","protected":false},"author":2,"featured_media":0,"comment_status":"closed","ping_status":"closed","sticky":false,"template":"","format":"standard","meta":{"_acf_changed":false,"footnotes":""},"categories":[677],"tags":[],"class_list":["post-9890","post","type-post","status-publish","format-standard","hentry","category-journal-du-jardin"],"acf":[],"_links":{"self":[{"href":"https:\/\/www.rezeau.org\/wp-garden\/wp-json\/wp\/v2\/posts\/9890","targetHints":{"allow":["GET"]}}],"collection":[{"href":"https:\/\/www.rezeau.org\/wp-garden\/wp-json\/wp\/v2\/posts"}],"about":[{"href":"https:\/\/www.rezeau.org\/wp-garden\/wp-json\/wp\/v2\/types\/post"}],"author":[{"embeddable":true,"href":"https:\/\/www.rezeau.org\/wp-garden\/wp-json\/wp\/v2\/users\/2"}],"replies":[{"embeddable":true,"href":"https:\/\/www.rezeau.org\/wp-garden\/wp-json\/wp\/v2\/comments?post=9890"}],"version-history":[{"count":0,"href":"https:\/\/www.rezeau.org\/wp-garden\/wp-json\/wp\/v2\/posts\/9890\/revisions"}],"wp:attachment":[{"href":"https:\/\/www.rezeau.org\/wp-garden\/wp-json\/wp\/v2\/media?parent=9890"}],"wp:term":[{"taxonomy":"category","embeddable":true,"href":"https:\/\/www.rezeau.org\/wp-garden\/wp-json\/wp\/v2\/categories?post=9890"},{"taxonomy":"post_tag","embeddable":true,"href":"https:\/\/www.rezeau.org\/wp-garden\/wp-json\/wp\/v2\/tags?post=9890"}],"curies":[{"name":"wp","href":"https:\/\/api.w.org\/{rel}","templated":true}]}}