{"id":886,"date":"2016-04-16T19:31:00","date_gmt":"2016-04-16T17:31:00","guid":{"rendered":"https:\/\/www.rezeau.org\/wp-jacqueline\/?p=886"},"modified":"2023-01-11T19:32:25","modified_gmt":"2023-01-11T18:32:25","slug":"floreales-de-combourg","status":"publish","type":"post","link":"https:\/\/www.rezeau.org\/wp-jacqueline\/2016\/04\/16\/floreales-de-combourg\/","title":{"rendered":"Flor\u00e9ales de Combourg"},"content":{"rendered":"\n<p>Le dimanche de la Pentec\u00f4te (15 mai 2016), je serai aux <em>flor\u00e9ales m\u00e9di\u00e9vales<\/em> dans le parc du ch\u00e2teau de Combourg (35).<\/p>\n","protected":false},"excerpt":{"rendered":"<p>Le dimanche de la Pentec\u00f4te (15 mai 2016), je serai aux flor\u00e9ales m\u00e9di\u00e9vales dans le parc du ch\u00e2teau de Combourg (35).<\/p>\n","protected":false},"author":1,"featured_media":0,"comment_status":"closed","ping_status":"closed","sticky":false,"template":"","format":"standard","meta":{"ngg_post_thumbnail":0,"footnotes":""},"categories":[21],"tags":[],"class_list":["post-886","post","type-post","status-publish","format-standard","hentry","category-actualites"],"_links":{"self":[{"href":"https:\/\/www.rezeau.org\/wp-jacqueline\/wp-json\/wp\/v2\/posts\/886","targetHints":{"allow":["GET"]}}],"collection":[{"href":"https:\/\/www.rezeau.org\/wp-jacqueline\/wp-json\/wp\/v2\/posts"}],"about":[{"href":"https:\/\/www.rezeau.org\/wp-jacqueline\/wp-json\/wp\/v2\/types\/post"}],"author":[{"embeddable":true,"href":"https:\/\/www.rezeau.org\/wp-jacqueline\/wp-json\/wp\/v2\/users\/1"}],"replies":[{"embeddable":true,"href":"https:\/\/www.rezeau.org\/wp-jacqueline\/wp-json\/wp\/v2\/comments?post=886"}],"version-history":[{"count":1,"href":"https:\/\/www.rezeau.org\/wp-jacqueline\/wp-json\/wp\/v2\/posts\/886\/revisions"}],"predecessor-version":[{"id":887,"href":"https:\/\/www.rezeau.org\/wp-jacqueline\/wp-json\/wp\/v2\/posts\/886\/revisions\/887"}],"wp:attachment":[{"href":"https:\/\/www.rezeau.org\/wp-jacqueline\/wp-json\/wp\/v2\/media?parent=886"}],"wp:term":[{"taxonomy":"category","embeddable":true,"href":"https:\/\/www.rezeau.org\/wp-jacqueline\/wp-json\/wp\/v2\/categories?post=886"},{"taxonomy":"post_tag","embeddable":true,"href":"https:\/\/www.rezeau.org\/wp-jacqueline\/wp-json\/wp\/v2\/tags?post=886"}],"curies":[{"name":"wp","href":"https:\/\/api.w.org\/{rel}","templated":true}]}}